{"id":15890,"date":"2026-01-15T13:26:40","date_gmt":"2026-01-15T13:26:40","guid":{"rendered":"https:\/\/www.paolochiesifoundation.org\/?p=15890"},"modified":"2026-02-06T14:45:07","modified_gmt":"2026-02-06T14:45:07","slug":"coureurs-marathon-milan-2026","status":"publish","type":"post","link":"https:\/\/www.paolochiesifoundation.org\/fr\/coureurs-marathon-milan-2026\/","title":{"rendered":"Ensemble pour les enfants du B\u00e9nin : nos coureurs au marathon de Milan !"},"content":{"rendered":"<div class=\"fusion-fullwidth fullwidth-box fusion-builder-row-1 fusion-flex-container has-pattern-background has-mask-background nonhundred-percent-fullwidth non-hundred-percent-height-scrolling\" style=\"--awb-border-radius-top-left:0px;--awb-border-radius-top-right:0px;--awb-border-radius-bottom-right:0px;--awb-border-radius-bottom-left:0px;--awb-flex-wrap:wrap;\" ><div class=\"fusion-builder-row fusion-row fusion-flex-align-items-flex-start fusion-flex-content-wrap\" style=\"max-width:1216.8px;margin-left: calc(-4% \/ 2 );margin-right: calc(-4% \/ 2 );\"><div class=\"fusion-layout-column fusion_builder_column fusion-builder-column-0 fusion_builder_column_1_1 1_1 fusion-flex-column\" style=\"--awb-bg-size:cover;--awb-width-large:100%;--awb-margin-top-large:0px;--awb-spacing-right-large:1.92%;--awb-margin-bottom-large:20px;--awb-spacing-left-large:1.92%;--awb-width-medium:100%;--awb-order-medium:0;--awb-spacing-right-medium:1.92%;--awb-spacing-left-medium:1.92%;--awb-width-small:100%;--awb-order-small:0;--awb-spacing-right-small:1.92%;--awb-spacing-left-small:1.92%;\"><div class=\"fusion-column-wrapper fusion-column-has-shadow fusion-flex-justify-content-flex-start fusion-content-layout-column\"><div class=\"fusion-text fusion-text-1\" style=\"--awb-text-font-family:&quot;Lexend&quot;;--awb-text-font-style:normal;--awb-text-font-weight:300;\"><p>Le Marathon de Milan 2026 n&rsquo;est pas qu&rsquo;une simple course : c&rsquo;est une occasion unique d&rsquo; <b>allier sport, solidarit\u00e9 et esprit d&rsquo;\u00e9quipe<\/b> , en soutenant une cause qui peut v\u00e9ritablement changer la vie de nombreux nouveau-n\u00e9s et de leurs familles au B\u00e9nin.<\/p>\n<p>Cette ann\u00e9e, pour la premi\u00e8re fois, la Fondation Paolo Chiesi participe au programme caritatif du Marathon de Milan. <b>De nombreux collaborateurs du Groupe Chiesi ont d\u00e9cid\u00e9 de s&rsquo;impliquer<\/b>\u00a0: certains courront le marathon individuel, d&rsquo;autres participeront aux relais. Tous ont \u00e9galement choisi de collecter des fonds, en lan\u00e7ant une campagne personnelle pour le projet \u00ab<a style=\"color: #85c9f0; text-decoration: underline;\" href=\"https:\/\/www.retedeldono.it\/progetto\/un-inizio-sano-i-neonati-del-benin\" target=\"_blank\" rel=\"noopener\"><b> Un avenir sain pour les nouveau-n\u00e9s du B\u00e9nin<\/b><\/a>\u00a0\u00bb.<\/p>\n<h3><b>Qui sont nos coureurs et nos collecteurs de fonds ?<\/b><\/h3>\n<ul>\n<li><a style=\"color: #85c9f0; text-decoration: underline;\" href=\"https:\/\/www.retedeldono.it\/iniziativa\/sofiapoletto\/super-pendolari-bros\" target=\"_blank\" rel=\"noopener\"><b>Super Pendolari Bros<\/b><\/a>: Sofia, Giuditta, Lorena, Lorenzo<\/li>\n<li><a style=\"color: #85c9f0; text-decoration: underline;\" href=\"https:\/\/www.retedeldono.it\/iniziativa\/riccardoromolo\/gtders-pre-clinici-fuga\" target=\"_blank\" rel=\"noopener\"><b>GTders\u00a0&amp;\u00a0Pre-Clinici Fuga<\/b><\/a>: Riccardo, Emanuela, Benedetta, Federico<\/li>\n<li><a style=\"color: #85c9f0; text-decoration: underline;\" href=\"https:\/\/www.retedeldono.it\/iniziativa\/federicoferrari\/4-runners-4-benin\" target=\"_blank\" rel=\"noopener\"><b>4 Runners 4 Benin<\/b><\/a>: Alessandro, Arianna, Federico, Martina<\/li>\n<li><a style=\"color: #85c9f0; text-decoration: underline;\" href=\"https:\/\/www.retedeldono.it\/iniziativa\/veronicagimignani\/fastes-four\" target=\"_blank\" rel=\"noopener\"><b>Fastest Four<\/b><\/a>: Veronica, Marco, Santiago, Alessandra<\/li>\n<li><a style=\"color: #85c9f0; text-decoration: underline;\" href=\"https:\/\/www.retedeldono.it\/iniziativa\/federicarebuglio\/grandi-maratoneti-dilettanti\" target=\"_blank\" rel=\"noopener\"><b>Grandi Maratoneti Dilettanti<\/b><\/a>: Federica, Alessandra, Giulia, Andrea<\/li>\n<li><a style=\"color: #85c9f0; text-decoration: underline;\" href=\"https:\/\/www.retedeldono.it\/iniziativa\/anna-mariaciaston\/ip-ip-hurra\" target=\"_blank\" rel=\"noopener\"><b>IP IP Hurr\u00e0<\/b><\/a>: Anna Maria, Alessandra, Carmela Guido<\/li>\n<li><a style=\"color: #85c9f0; text-decoration: underline;\" href=\"https:\/\/www.retedeldono.it\/iniziativa\/elisavalenti\/maratoneti-sbaglio\" target=\"_blank\" rel=\"noopener\"><b>Maratoneti per sbaglio<\/b><\/a>: Anna, Damiano, Elisa, Marco<\/li>\n<li><a style=\"color: #85c9f0; text-decoration: underline;\" href=\"https:\/\/www.retedeldono.it\/iniziativa\/marialiceclemente\/4-runner-un-traguardo-di-vita\" target=\"_blank\" rel=\"noopener\"><b>4 Runner, un\u00a0traguardo di\u00a0vita<\/b><\/a>: Marialice, Gessica, Valentina, Debora<\/li>\n<li><a style=\"color: #85c9f0; text-decoration: underline;\" href=\"https:\/\/www.retedeldono.it\/iniziativa\/alessandrovurchio\/akpan-run\" target=\"_blank\" rel=\"noopener\"><b>Akpan Run<\/b><\/a>: Alessandro, Heinok, Jacopo, Rosario<\/li>\n<li><a style=\"color: #85c9f0; text-decoration: underline;\" href=\"https:\/\/www.retedeldono.it\/iniziativa\/clarissabrivio\/i-gondolieri\" target=\"_blank\" rel=\"noopener\"><b>I Gondolieri<\/b><\/a>: Clarissa, Rachele, Ilaria, Alexey<\/li>\n<li><a style=\"color: #85c9f0; text-decoration: underline;\" href=\"https:\/\/www.retedeldono.it\/iniziativa\/simonedaniele\/corri-con-me-i-bambini-del-benin\" target=\"_blank\" rel=\"noopener\"><b>Corri con me per i bambini del Benin<\/b><\/a>: Simone<\/li>\n<li><a style=\"color: #85c9f0; text-decoration: underline;\" href=\"https:\/\/www.retedeldono.it\/iniziativa\/simonede-meo\/4-run-4-hope\" target=\"_blank\" rel=\"noopener\"><b>4 Run 4 Hope<\/b><\/a>: Simone, Angelo, Ambra, Erika<\/li>\n<li><a style=\"color: #85c9f0; text-decoration: underline;\" href=\"https:\/\/www.retedeldono.it\/iniziativa\/silviabattaglioli\/we-run-4se\" target=\"_blank\" rel=\"noopener\"><b>We Run 4&#8230;se<\/b><\/a>: Silvia, Pierluigi, Roberto, Mauro<\/li>\n<li><a style=\"color: #85c9f0; text-decoration: underline;\" href=\"https:\/\/www.retedeldono.it\/iniziativa\/danielededominici\/run42benin\" target=\"_blank\" rel=\"noopener\"><b>Run4(2)Benin<\/b><\/a>: Daniele<\/li>\n<li><a style=\"color: #85c9f0; text-decoration: underline;\" href=\"https:\/\/www.retedeldono.it\/iniziativa\/alicepradelli\/running-out-breath-benin\" target=\"_blank\" rel=\"noopener\"><b>Running (out of breath) for Benin<\/b><\/a>: Alice, Giusy, Manuel, Tomaso<\/li>\n<li><a style=\"color: #85c9f0; text-decoration: underline;\" href=\"https:\/\/www.retedeldono.it\/iniziativa\/massimosalvadori\/running-tanguieta\/\" target=\"_blank\" rel=\"noopener\"><b>Running\u00a0for\u00a0Tanguieta<\/b><\/a>: Massimo<\/li>\n<li><a style=\"color: #85c9f0; text-decoration: underline;\" href=\"https:\/\/www.retedeldono.it\/iniziativa\/paolochiesifoundation\/pcf-running-team\/\" target=\"_blank\" rel=\"noopener\"><b>PCF Running Team<\/b><\/a>: Alessandra, Federica, Lorenzo, Omar<\/li>\n<\/ul>\n<p>Ces coll\u00e8gues ont d\u00e9cid\u00e9 de consacrer leur temps, leur \u00e9nergie et leur passion non seulement \u00e0 la course, mais aussi \u00e0 la collecte de fonds, en mobilisant leurs amis, leur famille et toute la communaut\u00e9 de l&rsquo;entreprise. Chaque kilom\u00e8tre parcouru et chaque don recueilli contribueront de mani\u00e8re significative au projet de la Fondation au B\u00e9nin <b>, visant \u00e0 r\u00e9duire la mortalit\u00e9 n\u00e9onatale et \u00e0 am\u00e9liorer les soins prodigu\u00e9s aux enfants les plus vuln\u00e9rables<\/b> .<\/p>\n<h3><b>Comment pouvez-vous soutenir nos coureurs ?<\/b><\/h3>\n<ul>\n<li><a style=\"color: #85c9f0; text-decoration: underline;\" href=\"https:\/\/www.retedeldono.it\/progetto\/un-inizio-sano-i-neonati-del-benin\" target=\"_blank\" rel=\"noopener\"><b>Faites un don<\/b><\/a> : choisissez une \u00e9quipe de relais ou un marathonien \u00e0 soutenir sur la page d\u00e9di\u00e9e Rete del Dono.<\/li>\n<li><b>Partagez leur initiative<\/b> : aidez \u00e0 diffuser la collecte de fonds parmi vos amis et connaissances, amplifiant ainsi l&rsquo;impact de la solidarit\u00e9.<\/li>\n<li><b>Encouragez-les<\/b> : suivez la course, encouragez nos coureurs et participez activement \u00e0 ce d\u00e9fi par \u00e9quipe.<\/li>\n<\/ul>\n<h3><b>Pourquoi votre soutien est-il important ?<\/b><\/h3>\n<p>Courir et collecter des fonds pour la Fondation Paolo Chiesi signifie\u00a0:<\/p>\n<ul>\n<li>Contribuer concr\u00e8tement \u00e0 la sant\u00e9 des enfants au B\u00e9nin<\/li>\n<li>Vivez et partagez une exp\u00e9rience unique de sport et de solidarit\u00e9.<\/li>\n<li>Rejoignez un groupe de personnes engag\u00e9es dans une cause concr\u00e8te.<\/li>\n<\/ul>\n<p><b>Rejoignez-nous : soutenez nos coureurs et nos collecteurs de fonds !<\/b> Ensemble, nous pouvons offrir un avenir meilleur aux nouveau-n\u00e9s du B\u00e9nin.<\/p>\n<p>Pour plus d&rsquo;informations sur le projet et sur la mani\u00e8re de participer ou de soutenir la collecte de fonds, <strong><a style=\"color: #85c9f0; text-decoration: underline;\" href=\"https:\/\/www.retedeldono.it\/progetto\/un-inizio-sano-i-neonati-del-benin\" target=\"_blank\" rel=\"noopener\">visitez la page d\u00e9di\u00e9e sur Rete del Dono<\/a><\/strong> ou \u00e9crivez \u00e0 <a style=\"color: #85c9f0; text-decoration: underline;\" href=\"mailto:info@paolochiesifoundation.org\" target=\"_blank\" rel=\"noopener\">info@paolochiesifoundation.org<\/a> .<\/p>\n<\/div><\/div><\/div><\/div><\/div>\n","protected":false},"excerpt":{"rendered":"","protected":false},"author":9,"featured_media":14700,"comment_status":"closed","ping_status":"closed","sticky":false,"template":"","format":"standard","meta":{"footnotes":""},"categories":[41],"tags":[],"class_list":["post-15890","post","type-post","status-publish","format-standard","has-post-thumbnail","hentry","category-non-classifiee"],"yoast_head":"<!-- This site is optimized with the Yoast SEO plugin v27.4 - https:\/\/yoast.com\/product\/yoast-seo-wordpress\/ -->\n<title>Ensemble pour les enfants du B\u00e9nin : nos coureurs au marathon de Milan ! - Paolo Chiesi Foundation<\/title>\n<meta name=\"description\" content=\"La Fondation Paolo Chiesi participe au Marathon de Milan avec de nombreux collaborateurs du Groupe Chiesi qui ont d\u00e9cid\u00e9 de s&#039;y impliquer.\" \/>\n<meta name=\"robots\" content=\"index, follow, max-snippet:-1, max-image-preview:large, max-video-preview:-1\" \/>\n<link rel=\"canonical\" href=\"https:\/\/www.paolochiesifoundation.org\/fr\/coureurs-marathon-milan-2026\/\" \/>\n<meta property=\"og:locale\" content=\"fr_FR\" \/>\n<meta property=\"og:type\" content=\"article\" \/>\n<meta property=\"og:title\" content=\"Ensemble pour les enfants du B\u00e9nin : nos coureurs au marathon de Milan ! - Paolo Chiesi Foundation\" \/>\n<meta property=\"og:description\" content=\"La Fondation Paolo Chiesi participe au Marathon de Milan avec de nombreux collaborateurs du Groupe Chiesi qui ont d\u00e9cid\u00e9 de s&#039;y impliquer.\" \/>\n<meta property=\"og:url\" content=\"https:\/\/www.paolochiesifoundation.org\/fr\/coureurs-marathon-milan-2026\/\" \/>\n<meta property=\"og:site_name\" content=\"Paolo Chiesi Foundation\" \/>\n<meta property=\"article:publisher\" content=\"https:\/\/www.facebook.com\/Chiesi.Foundation\/\" \/>\n<meta property=\"article:published_time\" content=\"2026-01-15T13:26:40+00:00\" \/>\n<meta property=\"article:modified_time\" content=\"2026-02-06T14:45:07+00:00\" \/>\n<meta property=\"og:image\" content=\"https:\/\/www.paolochiesifoundation.org\/wp-content\/uploads\/2025\/09\/Milano-Marathon-News-Cover-1024x576.png\" \/>\n\t<meta property=\"og:image:width\" content=\"1024\" \/>\n\t<meta property=\"og:image:height\" content=\"576\" \/>\n\t<meta property=\"og:image:type\" content=\"image\/png\" \/>\n<meta name=\"author\" content=\"Lorenzo Picicco\" \/>\n<meta name=\"twitter:card\" content=\"summary_large_image\" \/>\n<meta name=\"twitter:label1\" content=\"\u00c9crit par\" \/>\n\t<meta name=\"twitter:data1\" content=\"Lorenzo Picicco\" \/>\n\t<meta name=\"twitter:label2\" content=\"Dur\u00e9e de lecture estim\u00e9e\" \/>\n\t<meta name=\"twitter:data2\" content=\"3 minutes\" \/>\n<script type=\"application\/ld+json\" class=\"yoast-schema-graph\">{\"@context\":\"https:\\\/\\\/schema.org\",\"@graph\":[{\"@type\":\"Article\",\"@id\":\"https:\\\/\\\/www.paolochiesifoundation.org\\\/fr\\\/coureurs-marathon-milan-2026\\\/#article\",\"isPartOf\":{\"@id\":\"https:\\\/\\\/www.paolochiesifoundation.org\\\/fr\\\/coureurs-marathon-milan-2026\\\/\"},\"author\":{\"name\":\"Lorenzo Picicco\",\"@id\":\"https:\\\/\\\/www.paolochiesifoundation.org\\\/fr\\\/#\\\/schema\\\/person\\\/fdeb13d1bce8f880554fe6c62e1867db\"},\"headline\":\"Ensemble pour les enfants du B\u00e9nin : nos coureurs au marathon de Milan !\",\"datePublished\":\"2026-01-15T13:26:40+00:00\",\"dateModified\":\"2026-02-06T14:45:07+00:00\",\"mainEntityOfPage\":{\"@id\":\"https:\\\/\\\/www.paolochiesifoundation.org\\\/fr\\\/coureurs-marathon-milan-2026\\\/\"},\"wordCount\":1668,\"publisher\":{\"@id\":\"https:\\\/\\\/www.paolochiesifoundation.org\\\/fr\\\/#organization\"},\"image\":{\"@id\":\"https:\\\/\\\/www.paolochiesifoundation.org\\\/fr\\\/coureurs-marathon-milan-2026\\\/#primaryimage\"},\"thumbnailUrl\":\"https:\\\/\\\/www.paolochiesifoundation.org\\\/wp-content\\\/uploads\\\/2025\\\/09\\\/Milano-Marathon-News-Cover.png\",\"articleSection\":[\"Non classifi\u00e9(e)\"],\"inLanguage\":\"fr-FR\"},{\"@type\":\"WebPage\",\"@id\":\"https:\\\/\\\/www.paolochiesifoundation.org\\\/fr\\\/coureurs-marathon-milan-2026\\\/\",\"url\":\"https:\\\/\\\/www.paolochiesifoundation.org\\\/fr\\\/coureurs-marathon-milan-2026\\\/\",\"name\":\"Ensemble pour les enfants du B\u00e9nin : nos coureurs au marathon de Milan ! - Paolo Chiesi Foundation\",\"isPartOf\":{\"@id\":\"https:\\\/\\\/www.paolochiesifoundation.org\\\/fr\\\/#website\"},\"primaryImageOfPage\":{\"@id\":\"https:\\\/\\\/www.paolochiesifoundation.org\\\/fr\\\/coureurs-marathon-milan-2026\\\/#primaryimage\"},\"image\":{\"@id\":\"https:\\\/\\\/www.paolochiesifoundation.org\\\/fr\\\/coureurs-marathon-milan-2026\\\/#primaryimage\"},\"thumbnailUrl\":\"https:\\\/\\\/www.paolochiesifoundation.org\\\/wp-content\\\/uploads\\\/2025\\\/09\\\/Milano-Marathon-News-Cover.png\",\"datePublished\":\"2026-01-15T13:26:40+00:00\",\"dateModified\":\"2026-02-06T14:45:07+00:00\",\"description\":\"La Fondation Paolo Chiesi participe au Marathon de Milan avec de nombreux collaborateurs du Groupe Chiesi qui ont d\u00e9cid\u00e9 de s'y impliquer.\",\"breadcrumb\":{\"@id\":\"https:\\\/\\\/www.paolochiesifoundation.org\\\/fr\\\/coureurs-marathon-milan-2026\\\/#breadcrumb\"},\"inLanguage\":\"fr-FR\",\"potentialAction\":[{\"@type\":\"ReadAction\",\"target\":[\"https:\\\/\\\/www.paolochiesifoundation.org\\\/fr\\\/coureurs-marathon-milan-2026\\\/\"]}]},{\"@type\":\"ImageObject\",\"inLanguage\":\"fr-FR\",\"@id\":\"https:\\\/\\\/www.paolochiesifoundation.org\\\/fr\\\/coureurs-marathon-milan-2026\\\/#primaryimage\",\"url\":\"https:\\\/\\\/www.paolochiesifoundation.org\\\/wp-content\\\/uploads\\\/2025\\\/09\\\/Milano-Marathon-News-Cover.png\",\"contentUrl\":\"https:\\\/\\\/www.paolochiesifoundation.org\\\/wp-content\\\/uploads\\\/2025\\\/09\\\/Milano-Marathon-News-Cover.png\",\"width\":1920,\"height\":1080,\"caption\":\"Marathon de Milan 2026 - Fondation Paolo Chiesi\"},{\"@type\":\"BreadcrumbList\",\"@id\":\"https:\\\/\\\/www.paolochiesifoundation.org\\\/fr\\\/coureurs-marathon-milan-2026\\\/#breadcrumb\",\"itemListElement\":[{\"@type\":\"ListItem\",\"position\":1,\"name\":\"Home\",\"item\":\"https:\\\/\\\/www.paolochiesifoundation.org\\\/fr\\\/\"},{\"@type\":\"ListItem\",\"position\":2,\"name\":\"Ensemble pour les enfants du B\u00e9nin : nos coureurs au marathon de Milan !\"}]},{\"@type\":\"WebSite\",\"@id\":\"https:\\\/\\\/www.paolochiesifoundation.org\\\/fr\\\/#website\",\"url\":\"https:\\\/\\\/www.paolochiesifoundation.org\\\/fr\\\/\",\"name\":\"Paolo Chiesi Foundation\",\"description\":\"La salute \u00e8 un diritto di tutti\",\"publisher\":{\"@id\":\"https:\\\/\\\/www.paolochiesifoundation.org\\\/fr\\\/#organization\"},\"potentialAction\":[{\"@type\":\"SearchAction\",\"target\":{\"@type\":\"EntryPoint\",\"urlTemplate\":\"https:\\\/\\\/www.paolochiesifoundation.org\\\/fr\\\/?s={search_term_string}\"},\"query-input\":{\"@type\":\"PropertyValueSpecification\",\"valueRequired\":true,\"valueName\":\"search_term_string\"}}],\"inLanguage\":\"fr-FR\"},{\"@type\":\"Organization\",\"@id\":\"https:\\\/\\\/www.paolochiesifoundation.org\\\/fr\\\/#organization\",\"name\":\"Fondation Paolo Chiesi\",\"url\":\"https:\\\/\\\/www.paolochiesifoundation.org\\\/fr\\\/\",\"logo\":{\"@type\":\"ImageObject\",\"inLanguage\":\"fr-FR\",\"@id\":\"https:\\\/\\\/www.paolochiesifoundation.org\\\/fr\\\/#\\\/schema\\\/logo\\\/image\\\/\",\"url\":\"https:\\\/\\\/www.paolochiesifoundation.org\\\/wp-content\\\/uploads\\\/2025\\\/09\\\/PCF-logo-pos-e1758787716100.png\",\"contentUrl\":\"https:\\\/\\\/www.paolochiesifoundation.org\\\/wp-content\\\/uploads\\\/2025\\\/09\\\/PCF-logo-pos-e1758787716100.png\",\"width\":1815,\"height\":1145,\"caption\":\"Fondation Paolo Chiesi\"},\"image\":{\"@id\":\"https:\\\/\\\/www.paolochiesifoundation.org\\\/fr\\\/#\\\/schema\\\/logo\\\/image\\\/\"},\"sameAs\":[\"https:\\\/\\\/www.facebook.com\\\/Chiesi.Foundation\\\/\",\"https:\\\/\\\/www.linkedin.com\\\/company\\\/chiesi-foundation\"]},{\"@type\":\"Person\",\"@id\":\"https:\\\/\\\/www.paolochiesifoundation.org\\\/fr\\\/#\\\/schema\\\/person\\\/fdeb13d1bce8f880554fe6c62e1867db\",\"name\":\"Lorenzo Picicco\",\"image\":{\"@type\":\"ImageObject\",\"inLanguage\":\"fr-FR\",\"@id\":\"https:\\\/\\\/secure.gravatar.com\\\/avatar\\\/cbc645b331ab63f222fe5729d0555cbc14df95e45fc4362d013a81f62e19a05c?s=96&d=mm&r=g\",\"url\":\"https:\\\/\\\/secure.gravatar.com\\\/avatar\\\/cbc645b331ab63f222fe5729d0555cbc14df95e45fc4362d013a81f62e19a05c?s=96&d=mm&r=g\",\"contentUrl\":\"https:\\\/\\\/secure.gravatar.com\\\/avatar\\\/cbc645b331ab63f222fe5729d0555cbc14df95e45fc4362d013a81f62e19a05c?s=96&d=mm&r=g\",\"caption\":\"Lorenzo Picicco\"},\"url\":\"https:\\\/\\\/www.paolochiesifoundation.org\\\/fr\\\/author\\\/lpicicco\\\/\"}]}<\/script>\n<!-- \/ Yoast SEO plugin. -->","yoast_head_json":{"title":"Ensemble pour les enfants du B\u00e9nin : nos coureurs au marathon de Milan ! - Paolo Chiesi Foundation","description":"La Fondation Paolo Chiesi participe au Marathon de Milan avec de nombreux collaborateurs du Groupe Chiesi qui ont d\u00e9cid\u00e9 de s'y impliquer.","robots":{"index":"index","follow":"follow","max-snippet":"max-snippet:-1","max-image-preview":"max-image-preview:large","max-video-preview":"max-video-preview:-1"},"canonical":"https:\/\/www.paolochiesifoundation.org\/fr\/coureurs-marathon-milan-2026\/","og_locale":"fr_FR","og_type":"article","og_title":"Ensemble pour les enfants du B\u00e9nin : nos coureurs au marathon de Milan ! - Paolo Chiesi Foundation","og_description":"La Fondation Paolo Chiesi participe au Marathon de Milan avec de nombreux collaborateurs du Groupe Chiesi qui ont d\u00e9cid\u00e9 de s'y impliquer.","og_url":"https:\/\/www.paolochiesifoundation.org\/fr\/coureurs-marathon-milan-2026\/","og_site_name":"Paolo Chiesi Foundation","article_publisher":"https:\/\/www.facebook.com\/Chiesi.Foundation\/","article_published_time":"2026-01-15T13:26:40+00:00","article_modified_time":"2026-02-06T14:45:07+00:00","og_image":[{"width":1024,"height":576,"url":"https:\/\/www.paolochiesifoundation.org\/wp-content\/uploads\/2025\/09\/Milano-Marathon-News-Cover-1024x576.png","type":"image\/png"}],"author":"Lorenzo Picicco","twitter_card":"summary_large_image","twitter_misc":{"\u00c9crit par":"Lorenzo Picicco","Dur\u00e9e de lecture estim\u00e9e":"3 minutes"},"schema":{"@context":"https:\/\/schema.org","@graph":[{"@type":"Article","@id":"https:\/\/www.paolochiesifoundation.org\/fr\/coureurs-marathon-milan-2026\/#article","isPartOf":{"@id":"https:\/\/www.paolochiesifoundation.org\/fr\/coureurs-marathon-milan-2026\/"},"author":{"name":"Lorenzo Picicco","@id":"https:\/\/www.paolochiesifoundation.org\/fr\/#\/schema\/person\/fdeb13d1bce8f880554fe6c62e1867db"},"headline":"Ensemble pour les enfants du B\u00e9nin : nos coureurs au marathon de Milan !","datePublished":"2026-01-15T13:26:40+00:00","dateModified":"2026-02-06T14:45:07+00:00","mainEntityOfPage":{"@id":"https:\/\/www.paolochiesifoundation.org\/fr\/coureurs-marathon-milan-2026\/"},"wordCount":1668,"publisher":{"@id":"https:\/\/www.paolochiesifoundation.org\/fr\/#organization"},"image":{"@id":"https:\/\/www.paolochiesifoundation.org\/fr\/coureurs-marathon-milan-2026\/#primaryimage"},"thumbnailUrl":"https:\/\/www.paolochiesifoundation.org\/wp-content\/uploads\/2025\/09\/Milano-Marathon-News-Cover.png","articleSection":["Non classifi\u00e9(e)"],"inLanguage":"fr-FR"},{"@type":"WebPage","@id":"https:\/\/www.paolochiesifoundation.org\/fr\/coureurs-marathon-milan-2026\/","url":"https:\/\/www.paolochiesifoundation.org\/fr\/coureurs-marathon-milan-2026\/","name":"Ensemble pour les enfants du B\u00e9nin : nos coureurs au marathon de Milan ! - Paolo Chiesi Foundation","isPartOf":{"@id":"https:\/\/www.paolochiesifoundation.org\/fr\/#website"},"primaryImageOfPage":{"@id":"https:\/\/www.paolochiesifoundation.org\/fr\/coureurs-marathon-milan-2026\/#primaryimage"},"image":{"@id":"https:\/\/www.paolochiesifoundation.org\/fr\/coureurs-marathon-milan-2026\/#primaryimage"},"thumbnailUrl":"https:\/\/www.paolochiesifoundation.org\/wp-content\/uploads\/2025\/09\/Milano-Marathon-News-Cover.png","datePublished":"2026-01-15T13:26:40+00:00","dateModified":"2026-02-06T14:45:07+00:00","description":"La Fondation Paolo Chiesi participe au Marathon de Milan avec de nombreux collaborateurs du Groupe Chiesi qui ont d\u00e9cid\u00e9 de s'y impliquer.","breadcrumb":{"@id":"https:\/\/www.paolochiesifoundation.org\/fr\/coureurs-marathon-milan-2026\/#breadcrumb"},"inLanguage":"fr-FR","potentialAction":[{"@type":"ReadAction","target":["https:\/\/www.paolochiesifoundation.org\/fr\/coureurs-marathon-milan-2026\/"]}]},{"@type":"ImageObject","inLanguage":"fr-FR","@id":"https:\/\/www.paolochiesifoundation.org\/fr\/coureurs-marathon-milan-2026\/#primaryimage","url":"https:\/\/www.paolochiesifoundation.org\/wp-content\/uploads\/2025\/09\/Milano-Marathon-News-Cover.png","contentUrl":"https:\/\/www.paolochiesifoundation.org\/wp-content\/uploads\/2025\/09\/Milano-Marathon-News-Cover.png","width":1920,"height":1080,"caption":"Marathon de Milan 2026 - Fondation Paolo Chiesi"},{"@type":"BreadcrumbList","@id":"https:\/\/www.paolochiesifoundation.org\/fr\/coureurs-marathon-milan-2026\/#breadcrumb","itemListElement":[{"@type":"ListItem","position":1,"name":"Home","item":"https:\/\/www.paolochiesifoundation.org\/fr\/"},{"@type":"ListItem","position":2,"name":"Ensemble pour les enfants du B\u00e9nin : nos coureurs au marathon de Milan !"}]},{"@type":"WebSite","@id":"https:\/\/www.paolochiesifoundation.org\/fr\/#website","url":"https:\/\/www.paolochiesifoundation.org\/fr\/","name":"Paolo Chiesi Foundation","description":"La salute \u00e8 un diritto di tutti","publisher":{"@id":"https:\/\/www.paolochiesifoundation.org\/fr\/#organization"},"potentialAction":[{"@type":"SearchAction","target":{"@type":"EntryPoint","urlTemplate":"https:\/\/www.paolochiesifoundation.org\/fr\/?s={search_term_string}"},"query-input":{"@type":"PropertyValueSpecification","valueRequired":true,"valueName":"search_term_string"}}],"inLanguage":"fr-FR"},{"@type":"Organization","@id":"https:\/\/www.paolochiesifoundation.org\/fr\/#organization","name":"Fondation Paolo Chiesi","url":"https:\/\/www.paolochiesifoundation.org\/fr\/","logo":{"@type":"ImageObject","inLanguage":"fr-FR","@id":"https:\/\/www.paolochiesifoundation.org\/fr\/#\/schema\/logo\/image\/","url":"https:\/\/www.paolochiesifoundation.org\/wp-content\/uploads\/2025\/09\/PCF-logo-pos-e1758787716100.png","contentUrl":"https:\/\/www.paolochiesifoundation.org\/wp-content\/uploads\/2025\/09\/PCF-logo-pos-e1758787716100.png","width":1815,"height":1145,"caption":"Fondation Paolo Chiesi"},"image":{"@id":"https:\/\/www.paolochiesifoundation.org\/fr\/#\/schema\/logo\/image\/"},"sameAs":["https:\/\/www.facebook.com\/Chiesi.Foundation\/","https:\/\/www.linkedin.com\/company\/chiesi-foundation"]},{"@type":"Person","@id":"https:\/\/www.paolochiesifoundation.org\/fr\/#\/schema\/person\/fdeb13d1bce8f880554fe6c62e1867db","name":"Lorenzo Picicco","image":{"@type":"ImageObject","inLanguage":"fr-FR","@id":"https:\/\/secure.gravatar.com\/avatar\/cbc645b331ab63f222fe5729d0555cbc14df95e45fc4362d013a81f62e19a05c?s=96&d=mm&r=g","url":"https:\/\/secure.gravatar.com\/avatar\/cbc645b331ab63f222fe5729d0555cbc14df95e45fc4362d013a81f62e19a05c?s=96&d=mm&r=g","contentUrl":"https:\/\/secure.gravatar.com\/avatar\/cbc645b331ab63f222fe5729d0555cbc14df95e45fc4362d013a81f62e19a05c?s=96&d=mm&r=g","caption":"Lorenzo Picicco"},"url":"https:\/\/www.paolochiesifoundation.org\/fr\/author\/lpicicco\/"}]}},"_links":{"self":[{"href":"https:\/\/www.paolochiesifoundation.org\/fr\/wp-json\/wp\/v2\/posts\/15890","targetHints":{"allow":["GET"]}}],"collection":[{"href":"https:\/\/www.paolochiesifoundation.org\/fr\/wp-json\/wp\/v2\/posts"}],"about":[{"href":"https:\/\/www.paolochiesifoundation.org\/fr\/wp-json\/wp\/v2\/types\/post"}],"author":[{"embeddable":true,"href":"https:\/\/www.paolochiesifoundation.org\/fr\/wp-json\/wp\/v2\/users\/9"}],"replies":[{"embeddable":true,"href":"https:\/\/www.paolochiesifoundation.org\/fr\/wp-json\/wp\/v2\/comments?post=15890"}],"version-history":[{"count":10,"href":"https:\/\/www.paolochiesifoundation.org\/fr\/wp-json\/wp\/v2\/posts\/15890\/revisions"}],"predecessor-version":[{"id":15988,"href":"https:\/\/www.paolochiesifoundation.org\/fr\/wp-json\/wp\/v2\/posts\/15890\/revisions\/15988"}],"wp:featuredmedia":[{"embeddable":true,"href":"https:\/\/www.paolochiesifoundation.org\/fr\/wp-json\/wp\/v2\/media\/14700"}],"wp:attachment":[{"href":"https:\/\/www.paolochiesifoundation.org\/fr\/wp-json\/wp\/v2\/media?parent=15890"}],"wp:term":[{"taxonomy":"category","embeddable":true,"href":"https:\/\/www.paolochiesifoundation.org\/fr\/wp-json\/wp\/v2\/categories?post=15890"},{"taxonomy":"post_tag","embeddable":true,"href":"https:\/\/www.paolochiesifoundation.org\/fr\/wp-json\/wp\/v2\/tags?post=15890"}],"curies":[{"name":"wp","href":"https:\/\/api.w.org\/{rel}","templated":true}]}}