{"id":15866,"date":"2026-01-09T10:02:39","date_gmt":"2026-01-09T10:02:39","guid":{"rendered":"https:\/\/www.paolochiesifoundation.org\/?p=15866"},"modified":"2026-01-09T10:16:21","modified_gmt":"2026-01-09T10:16:21","slug":"site-web-modele-nest","status":"publish","type":"post","link":"https:\/\/www.paolochiesifoundation.org\/fr\/site-web-modele-nest\/","title":{"rendered":"Le nouveau site web d\u00e9di\u00e9 au mod\u00e8le NEST est en ligne !"},"content":{"rendered":"<div class=\"fusion-fullwidth fullwidth-box fusion-builder-row-1 fusion-flex-container has-pattern-background has-mask-background nonhundred-percent-fullwidth non-hundred-percent-height-scrolling\" style=\"--awb-border-radius-top-left:0px;--awb-border-radius-top-right:0px;--awb-border-radius-bottom-right:0px;--awb-border-radius-bottom-left:0px;--awb-flex-wrap:wrap;\" ><div class=\"fusion-builder-row fusion-row fusion-flex-align-items-flex-start fusion-flex-content-wrap\" style=\"max-width:1216.8px;margin-left: calc(-4% \/ 2 );margin-right: calc(-4% \/ 2 );\"><div class=\"fusion-layout-column fusion_builder_column fusion-builder-column-0 fusion_builder_column_1_1 1_1 fusion-flex-column\" style=\"--awb-bg-size:cover;--awb-width-large:100%;--awb-margin-top-large:0px;--awb-spacing-right-large:1.92%;--awb-margin-bottom-large:20px;--awb-spacing-left-large:1.92%;--awb-width-medium:100%;--awb-order-medium:0;--awb-spacing-right-medium:1.92%;--awb-spacing-left-medium:1.92%;--awb-width-small:100%;--awb-order-small:0;--awb-spacing-right-small:1.92%;--awb-spacing-left-small:1.92%;\"><div class=\"fusion-column-wrapper fusion-column-has-shadow fusion-flex-justify-content-flex-start fusion-content-layout-column\"><div class=\"fusion-text fusion-text-1\" style=\"--awb-text-font-family:&quot;Lexend&quot;;--awb-text-font-style:normal;--awb-text-font-weight:300;\"><p>La <b>Fondation Paolo Chiesi<\/b> est heureuse d&rsquo;annoncer le lancement du <a style=\"color: #85c9f0; text-decoration: underline;\" href=\"https:\/\/nest.paolochiesifoundation.org\/fr\/\" target=\"_blank\" rel=\"noopener\"><b>nouveau site web d\u00e9di\u00e9 au mod\u00e8leNEST (Neonatal Essentials for Survival and Thriving)<\/b><\/a>, un projet n\u00e9 avec une mission claire : <b>soutenir les professionnels de la sant\u00e9 dans la prise en charge des nouveau-n\u00e9s dans des contextes aux ressources limit\u00e9es<\/b>. Cet outil num\u00e9rique repr\u00e9sente une \u00e9tape importante pour rendre le mod\u00e8le NEST plus accessible, compr\u00e9hensible et applicable dans le monde entier.<\/p>\n<h3 class=\"fusion-responsive-typography-calculated\" style=\"--fontsize: 24; line-height: 1.35;\" data-fontsize=\"24\" data-lineheight=\"32.4px\"><b>Pourquoi un site web d\u00e9di\u00e9 au mod\u00e8le NEST ?<\/b><\/h3>\n<p>Le mod\u00e8le NEST a \u00e9t\u00e9 d\u00e9velopp\u00e9 pour r\u00e9pondre \u00e0 l&rsquo;un des d\u00e9fis les plus urgents en mati\u00e8re de sant\u00e9 mondiale : <b>la r\u00e9duction de la mortalit\u00e9 n\u00e9onatale dans les pays \u00e0 ressources limit\u00e9es<\/b>. Dans de nombreuses r\u00e9gions du Sud, le manque de ressources, de formation et d&rsquo;infrastructures ad\u00e9quates rend difficile la garantie de soins de qualit\u00e9 pour les nouveau-n\u00e9s les plus vuln\u00e9rables et leurs m\u00e8res. Le mod\u00e8le NEST propose une approche int\u00e9gr\u00e9e et durable qui combine <b>expertise clinique, formation du personnel, \u00e9quipements essentiels et implication et autonomisation des communaut\u00e9s locales<\/b>.<\/p>\n<p>Le nouveau site a \u00e9t\u00e9 cr\u00e9\u00e9 pour <b>transformer la th\u00e9orie en pratique<\/b>, en offrant une plateforme claire et intuitive qui guide les \u00e9quipes de soins de sant\u00e9 \u00e9tape par \u00e9tape dans la mise en \u0153uvre du mod\u00e8le.<\/p>\n<h3 class=\"fusion-responsive-typography-calculated\" style=\"--fontsize: 24; line-height: 1.35;\" data-fontsize=\"24\" data-lineheight=\"32.4px\"><b>Ce que vous trouvez sur le site<\/b><\/h3>\n<p>Le portail a \u00e9t\u00e9 con\u00e7u comme <b>un point de r\u00e9f\u00e9rence complet<\/b> pour toute personne souhaitant comprendre et appliquer le mod\u00e8le NEST. Ses principales sections comprennent :<\/p>\n<ul>\n<li><b>Pr\u00e9sentation dumod\u00e8le NEST :<\/b> Ce mod\u00e8le, sa philosophie et les principes qui le sous-tendent sont pr\u00e9sent\u00e9s. Nous expliquons ici pourquoi le mod\u00e8le NEST est consid\u00e9r\u00e9 comme une approche novatrice et comment il peut am\u00e9liorer la survie et le bien-\u00eatre des nouveau-n\u00e9s.<\/li>\n<li><b>Structure et composantes du mod\u00e8le NEST :<\/b> Il repose sur des piliers fondamentaux et interd\u00e9pendants : la formation, la pr\u00e9paration organisationnelle, les donn\u00e9es et le plaidoyer. Cette section d\u00e9taille chaque composante et son r\u00f4le au sein du syst\u00e8me.<\/li>\n<li><b>Ressources pratiques :<\/b> documents t\u00e9l\u00e9chargeables, guides op\u00e9rationnels, listes de contr\u00f4le et outils utiles pour faciliter la mise en \u0153uvre du mod\u00e8le en situation r\u00e9elle. L\u2019objectif est de fournir des ressources concr\u00e8tes directement utilisables par les \u00e9quipes soignantes.<\/li>\n<li><b>Perspectives et \u00e9tudes de cas :<\/b> exemples d\u2019application du mod\u00e8le NEST dans diff\u00e9rents contextes hospitaliers des pays du Sud. Ces cas d\u00e9montrent comment le mod\u00e8le peut \u00eatre adapt\u00e9 aux besoins locaux sp\u00e9cifiques.<\/li>\n<li><b>Accessibilit\u00e9 linguistique :<\/b> Afin de favoriser la collaboration internationale, le site est disponible en <b>anglais et en fran\u00e7ais<\/b>, dans le but de toucher le plus grand nombre possible de professionnels et d\u2019organisations.<\/li>\n<\/ul>\n<p><a style=\"color: #85c9f0; text-decoration: underline;\" href=\"https:\/\/nest.paolochiesifoundation.org\/fr\/\" target=\"_blank\" rel=\"noopener\"><b>Visitez le nouveau site web de NEST<\/b><\/a><\/p>\n<h3 class=\"fusion-responsive-typography-calculated\" style=\"--fontsize: 24; line-height: 1.35;\" data-fontsize=\"24\" data-lineheight=\"32.4px\"><b>Pourquoi c&rsquo;est important<\/b><\/h3>\n<p>Chaque ann\u00e9e dans le monde, <b>2,3 millions de nouveau-n\u00e9s meurent au cours des trente premiers jours de leur vie<\/b> . Ce ph\u00e9nom\u00e8ne touche particuli\u00e8rement les pays \u00e0 revenu faible et interm\u00e9diaire, o\u00f9 les ressources hospitali\u00e8res et des centres de sant\u00e9 sont insuffisantes pour assurer les soins essentiels aux nouveau-n\u00e9s. En Afrique subsaharienne, la mortalit\u00e9 n\u00e9onatale est parmi les plus \u00e9lev\u00e9es, avec <b>26 d\u00e9c\u00e8s d&rsquo;enfants pour mille naissances vivantes<\/b>.<\/p>\n<p>Derri\u00e8re ces donn\u00e9es se cachent <b>des familles, des communaut\u00e9s et des professionnels de sant\u00e9<\/b> qui s&rsquo;efforcent de prendre soin des nouveau-n\u00e9s. La plupart des d\u00e9c\u00e8s pourraient \u00eatre \u00e9vit\u00e9s gr\u00e2ce \u00e0 des interventions simples et organis\u00e9es. Le mod\u00e8le NEST propose des pratiques et des outils permettant aux \u00e9quipes soignantes d&rsquo;intervenir : investir dans les soins n\u00e9onatals de base sauve des vies et cr\u00e9e les conditions d&rsquo;un avenir o\u00f9 chaque enfant pourra grandir en bonne sant\u00e9.<\/p>\n<h3 class=\"fusion-responsive-typography-calculated\" style=\"--fontsize: 24; line-height: 1.35;\" data-fontsize=\"24\" data-lineheight=\"32.4px\"><b>Le mod\u00e8le NEST : une vision pour l&rsquo;avenir<\/b><\/h3>\n<p>Le mod\u00e8le NEST n&rsquo;est pas qu&rsquo;un simple ensemble de lignes directrices : c&rsquo;est <b>une strat\u00e9gie globale pour am\u00e9liorer la sant\u00e9 n\u00e9onatale<\/b>. Il repose sur une approche syst\u00e9mique qui place les personnes et les processus au c\u0153ur du dispositif. Sa force r\u00e9side dans son <b>adaptabilit\u00e9 et sa p\u00e9rennit\u00e9<\/b> , lui permettant de s&rsquo;adapter \u00e0 diff\u00e9rentes r\u00e9alit\u00e9s sans perdre en efficacit\u00e9.<\/p>\n<p>Gr\u00e2ce \u00e0 ce nouveau site web, nous esp\u00e9rons <b>cr\u00e9er une communaut\u00e9 de professionnels et d&rsquo;organisations<\/b> qui partagent leurs connaissances, leurs exp\u00e9riences et leurs meilleures pratiques, contribuant ainsi ensemble \u00e0 r\u00e9duire la mortalit\u00e9 n\u00e9onatale et \u00e0 assurer un avenir meilleur aux enfants des pays du Sud.<\/p>\n<p><b>Vous souhaitez en savoir plus ?<\/b> <a style=\"color: #85c9f0; text-decoration: underline;\" href=\"https:\/\/nest.paolochiesifoundation.org\/fr\/\" target=\"_blank\" rel=\"noopener\"><b>Visitez le site web de NEST<\/b><\/a> et rejoignez notre mission pour la sant\u00e9 des nouveau-n\u00e9s dans le monde.<\/p>\n<\/div><\/div><\/div><\/div><\/div>\n","protected":false},"excerpt":{"rendered":"","protected":false},"author":9,"featured_media":15848,"comment_status":"closed","ping_status":"closed","sticky":false,"template":"","format":"standard","meta":{"footnotes":""},"categories":[41],"tags":[],"class_list":["post-15866","post","type-post","status-publish","format-standard","has-post-thumbnail","hentry","category-non-classifiee"],"yoast_head":"<!-- This site is optimized with the Yoast SEO plugin v27.4 - https:\/\/yoast.com\/product\/yoast-seo-wordpress\/ -->\n<title>Le nouveau site web d\u00e9di\u00e9 au mod\u00e8le NEST est en ligne ! - Paolo Chiesi Foundation<\/title>\n<meta name=\"description\" content=\"La Fondation Paolo Chiesi lance le site web NEST Model pour soutenir les professionnels de la sant\u00e9 dans la prise en charge des nouveau-n\u00e9s dans les pays du Sud.\" \/>\n<meta name=\"robots\" content=\"index, follow, max-snippet:-1, max-image-preview:large, max-video-preview:-1\" \/>\n<link rel=\"canonical\" href=\"https:\/\/www.paolochiesifoundation.org\/fr\/site-web-modele-nest\/\" \/>\n<meta property=\"og:locale\" content=\"fr_FR\" \/>\n<meta property=\"og:type\" content=\"article\" \/>\n<meta property=\"og:title\" content=\"Le nouveau site web d\u00e9di\u00e9 au mod\u00e8le NEST est en ligne ! - Paolo Chiesi Foundation\" \/>\n<meta property=\"og:description\" content=\"La Fondation Paolo Chiesi lance le site web NEST Model pour soutenir les professionnels de la sant\u00e9 dans la prise en charge des nouveau-n\u00e9s dans les pays du Sud.\" \/>\n<meta property=\"og:url\" content=\"https:\/\/www.paolochiesifoundation.org\/fr\/site-web-modele-nest\/\" \/>\n<meta property=\"og:site_name\" content=\"Paolo Chiesi Foundation\" \/>\n<meta property=\"article:publisher\" content=\"https:\/\/www.facebook.com\/Chiesi.Foundation\/\" \/>\n<meta property=\"article:published_time\" content=\"2026-01-09T10:02:39+00:00\" \/>\n<meta property=\"article:modified_time\" content=\"2026-01-09T10:16:21+00:00\" \/>\n<meta property=\"og:image\" content=\"https:\/\/www.paolochiesifoundation.org\/wp-content\/uploads\/2025\/12\/1920x1080-homepage-1.jpg\" \/>\n\t<meta property=\"og:image:width\" content=\"1920\" \/>\n\t<meta property=\"og:image:height\" content=\"1080\" \/>\n\t<meta property=\"og:image:type\" content=\"image\/jpeg\" \/>\n<meta name=\"author\" content=\"Lorenzo Picicco\" \/>\n<meta name=\"twitter:card\" content=\"summary_large_image\" \/>\n<meta name=\"twitter:label1\" content=\"\u00c9crit par\" \/>\n\t<meta name=\"twitter:data1\" content=\"Lorenzo Picicco\" \/>\n\t<meta name=\"twitter:label2\" content=\"Dur\u00e9e de lecture estim\u00e9e\" \/>\n\t<meta name=\"twitter:data2\" content=\"4 minutes\" \/>\n<script type=\"application\/ld+json\" class=\"yoast-schema-graph\">{\"@context\":\"https:\\\/\\\/schema.org\",\"@graph\":[{\"@type\":\"Article\",\"@id\":\"https:\\\/\\\/www.paolochiesifoundation.org\\\/fr\\\/site-web-modele-nest\\\/#article\",\"isPartOf\":{\"@id\":\"https:\\\/\\\/www.paolochiesifoundation.org\\\/fr\\\/site-web-modele-nest\\\/\"},\"author\":{\"name\":\"Lorenzo Picicco\",\"@id\":\"https:\\\/\\\/www.paolochiesifoundation.org\\\/fr\\\/#\\\/schema\\\/person\\\/fdeb13d1bce8f880554fe6c62e1867db\"},\"headline\":\"Le nouveau site web d\u00e9di\u00e9 au mod\u00e8le NEST est en ligne !\",\"datePublished\":\"2026-01-09T10:02:39+00:00\",\"dateModified\":\"2026-01-09T10:16:21+00:00\",\"mainEntityOfPage\":{\"@id\":\"https:\\\/\\\/www.paolochiesifoundation.org\\\/fr\\\/site-web-modele-nest\\\/\"},\"wordCount\":1478,\"publisher\":{\"@id\":\"https:\\\/\\\/www.paolochiesifoundation.org\\\/fr\\\/#organization\"},\"image\":{\"@id\":\"https:\\\/\\\/www.paolochiesifoundation.org\\\/fr\\\/site-web-modele-nest\\\/#primaryimage\"},\"thumbnailUrl\":\"https:\\\/\\\/www.paolochiesifoundation.org\\\/wp-content\\\/uploads\\\/2025\\\/12\\\/1920x1080-homepage-1.jpg\",\"articleSection\":[\"Non classifi\u00e9(e)\"],\"inLanguage\":\"fr-FR\"},{\"@type\":\"WebPage\",\"@id\":\"https:\\\/\\\/www.paolochiesifoundation.org\\\/fr\\\/site-web-modele-nest\\\/\",\"url\":\"https:\\\/\\\/www.paolochiesifoundation.org\\\/fr\\\/site-web-modele-nest\\\/\",\"name\":\"Le nouveau site web d\u00e9di\u00e9 au mod\u00e8le NEST est en ligne ! - Paolo Chiesi Foundation\",\"isPartOf\":{\"@id\":\"https:\\\/\\\/www.paolochiesifoundation.org\\\/fr\\\/#website\"},\"primaryImageOfPage\":{\"@id\":\"https:\\\/\\\/www.paolochiesifoundation.org\\\/fr\\\/site-web-modele-nest\\\/#primaryimage\"},\"image\":{\"@id\":\"https:\\\/\\\/www.paolochiesifoundation.org\\\/fr\\\/site-web-modele-nest\\\/#primaryimage\"},\"thumbnailUrl\":\"https:\\\/\\\/www.paolochiesifoundation.org\\\/wp-content\\\/uploads\\\/2025\\\/12\\\/1920x1080-homepage-1.jpg\",\"datePublished\":\"2026-01-09T10:02:39+00:00\",\"dateModified\":\"2026-01-09T10:16:21+00:00\",\"description\":\"La Fondation Paolo Chiesi lance le site web NEST Model pour soutenir les professionnels de la sant\u00e9 dans la prise en charge des nouveau-n\u00e9s dans les pays du Sud.\",\"breadcrumb\":{\"@id\":\"https:\\\/\\\/www.paolochiesifoundation.org\\\/fr\\\/site-web-modele-nest\\\/#breadcrumb\"},\"inLanguage\":\"fr-FR\",\"potentialAction\":[{\"@type\":\"ReadAction\",\"target\":[\"https:\\\/\\\/www.paolochiesifoundation.org\\\/fr\\\/site-web-modele-nest\\\/\"]}]},{\"@type\":\"ImageObject\",\"inLanguage\":\"fr-FR\",\"@id\":\"https:\\\/\\\/www.paolochiesifoundation.org\\\/fr\\\/site-web-modele-nest\\\/#primaryimage\",\"url\":\"https:\\\/\\\/www.paolochiesifoundation.org\\\/wp-content\\\/uploads\\\/2025\\\/12\\\/1920x1080-homepage-1.jpg\",\"contentUrl\":\"https:\\\/\\\/www.paolochiesifoundation.org\\\/wp-content\\\/uploads\\\/2025\\\/12\\\/1920x1080-homepage-1.jpg\",\"width\":1920,\"height\":1080,\"caption\":\"Mod\u00e8le des \u00e9l\u00e9ments essentiels \u00e0 la survie et \u00e0 la croissance du nouveau-n\u00e9\"},{\"@type\":\"BreadcrumbList\",\"@id\":\"https:\\\/\\\/www.paolochiesifoundation.org\\\/fr\\\/site-web-modele-nest\\\/#breadcrumb\",\"itemListElement\":[{\"@type\":\"ListItem\",\"position\":1,\"name\":\"Home\",\"item\":\"https:\\\/\\\/www.paolochiesifoundation.org\\\/fr\\\/\"},{\"@type\":\"ListItem\",\"position\":2,\"name\":\"Le nouveau site web d\u00e9di\u00e9 au mod\u00e8le NEST est en ligne !\"}]},{\"@type\":\"WebSite\",\"@id\":\"https:\\\/\\\/www.paolochiesifoundation.org\\\/fr\\\/#website\",\"url\":\"https:\\\/\\\/www.paolochiesifoundation.org\\\/fr\\\/\",\"name\":\"Paolo Chiesi Foundation\",\"description\":\"La salute \u00e8 un diritto di tutti\",\"publisher\":{\"@id\":\"https:\\\/\\\/www.paolochiesifoundation.org\\\/fr\\\/#organization\"},\"potentialAction\":[{\"@type\":\"SearchAction\",\"target\":{\"@type\":\"EntryPoint\",\"urlTemplate\":\"https:\\\/\\\/www.paolochiesifoundation.org\\\/fr\\\/?s={search_term_string}\"},\"query-input\":{\"@type\":\"PropertyValueSpecification\",\"valueRequired\":true,\"valueName\":\"search_term_string\"}}],\"inLanguage\":\"fr-FR\"},{\"@type\":\"Organization\",\"@id\":\"https:\\\/\\\/www.paolochiesifoundation.org\\\/fr\\\/#organization\",\"name\":\"Fondation Paolo Chiesi\",\"url\":\"https:\\\/\\\/www.paolochiesifoundation.org\\\/fr\\\/\",\"logo\":{\"@type\":\"ImageObject\",\"inLanguage\":\"fr-FR\",\"@id\":\"https:\\\/\\\/www.paolochiesifoundation.org\\\/fr\\\/#\\\/schema\\\/logo\\\/image\\\/\",\"url\":\"https:\\\/\\\/www.paolochiesifoundation.org\\\/wp-content\\\/uploads\\\/2025\\\/09\\\/PCF-logo-pos-e1758787716100.png\",\"contentUrl\":\"https:\\\/\\\/www.paolochiesifoundation.org\\\/wp-content\\\/uploads\\\/2025\\\/09\\\/PCF-logo-pos-e1758787716100.png\",\"width\":1815,\"height\":1145,\"caption\":\"Fondation Paolo Chiesi\"},\"image\":{\"@id\":\"https:\\\/\\\/www.paolochiesifoundation.org\\\/fr\\\/#\\\/schema\\\/logo\\\/image\\\/\"},\"sameAs\":[\"https:\\\/\\\/www.facebook.com\\\/Chiesi.Foundation\\\/\",\"https:\\\/\\\/www.linkedin.com\\\/company\\\/chiesi-foundation\"]},{\"@type\":\"Person\",\"@id\":\"https:\\\/\\\/www.paolochiesifoundation.org\\\/fr\\\/#\\\/schema\\\/person\\\/fdeb13d1bce8f880554fe6c62e1867db\",\"name\":\"Lorenzo Picicco\",\"image\":{\"@type\":\"ImageObject\",\"inLanguage\":\"fr-FR\",\"@id\":\"https:\\\/\\\/secure.gravatar.com\\\/avatar\\\/cbc645b331ab63f222fe5729d0555cbc14df95e45fc4362d013a81f62e19a05c?s=96&d=mm&r=g\",\"url\":\"https:\\\/\\\/secure.gravatar.com\\\/avatar\\\/cbc645b331ab63f222fe5729d0555cbc14df95e45fc4362d013a81f62e19a05c?s=96&d=mm&r=g\",\"contentUrl\":\"https:\\\/\\\/secure.gravatar.com\\\/avatar\\\/cbc645b331ab63f222fe5729d0555cbc14df95e45fc4362d013a81f62e19a05c?s=96&d=mm&r=g\",\"caption\":\"Lorenzo Picicco\"},\"url\":\"https:\\\/\\\/www.paolochiesifoundation.org\\\/fr\\\/author\\\/lpicicco\\\/\"}]}<\/script>\n<!-- \/ Yoast SEO plugin. -->","yoast_head_json":{"title":"Le nouveau site web d\u00e9di\u00e9 au mod\u00e8le NEST est en ligne ! - Paolo Chiesi Foundation","description":"La Fondation Paolo Chiesi lance le site web NEST Model pour soutenir les professionnels de la sant\u00e9 dans la prise en charge des nouveau-n\u00e9s dans les pays du Sud.","robots":{"index":"index","follow":"follow","max-snippet":"max-snippet:-1","max-image-preview":"max-image-preview:large","max-video-preview":"max-video-preview:-1"},"canonical":"https:\/\/www.paolochiesifoundation.org\/fr\/site-web-modele-nest\/","og_locale":"fr_FR","og_type":"article","og_title":"Le nouveau site web d\u00e9di\u00e9 au mod\u00e8le NEST est en ligne ! - Paolo Chiesi Foundation","og_description":"La Fondation Paolo Chiesi lance le site web NEST Model pour soutenir les professionnels de la sant\u00e9 dans la prise en charge des nouveau-n\u00e9s dans les pays du Sud.","og_url":"https:\/\/www.paolochiesifoundation.org\/fr\/site-web-modele-nest\/","og_site_name":"Paolo Chiesi Foundation","article_publisher":"https:\/\/www.facebook.com\/Chiesi.Foundation\/","article_published_time":"2026-01-09T10:02:39+00:00","article_modified_time":"2026-01-09T10:16:21+00:00","og_image":[{"width":1920,"height":1080,"url":"https:\/\/www.paolochiesifoundation.org\/wp-content\/uploads\/2025\/12\/1920x1080-homepage-1.jpg","type":"image\/jpeg"}],"author":"Lorenzo Picicco","twitter_card":"summary_large_image","twitter_misc":{"\u00c9crit par":"Lorenzo Picicco","Dur\u00e9e de lecture estim\u00e9e":"4 minutes"},"schema":{"@context":"https:\/\/schema.org","@graph":[{"@type":"Article","@id":"https:\/\/www.paolochiesifoundation.org\/fr\/site-web-modele-nest\/#article","isPartOf":{"@id":"https:\/\/www.paolochiesifoundation.org\/fr\/site-web-modele-nest\/"},"author":{"name":"Lorenzo Picicco","@id":"https:\/\/www.paolochiesifoundation.org\/fr\/#\/schema\/person\/fdeb13d1bce8f880554fe6c62e1867db"},"headline":"Le nouveau site web d\u00e9di\u00e9 au mod\u00e8le NEST est en ligne !","datePublished":"2026-01-09T10:02:39+00:00","dateModified":"2026-01-09T10:16:21+00:00","mainEntityOfPage":{"@id":"https:\/\/www.paolochiesifoundation.org\/fr\/site-web-modele-nest\/"},"wordCount":1478,"publisher":{"@id":"https:\/\/www.paolochiesifoundation.org\/fr\/#organization"},"image":{"@id":"https:\/\/www.paolochiesifoundation.org\/fr\/site-web-modele-nest\/#primaryimage"},"thumbnailUrl":"https:\/\/www.paolochiesifoundation.org\/wp-content\/uploads\/2025\/12\/1920x1080-homepage-1.jpg","articleSection":["Non classifi\u00e9(e)"],"inLanguage":"fr-FR"},{"@type":"WebPage","@id":"https:\/\/www.paolochiesifoundation.org\/fr\/site-web-modele-nest\/","url":"https:\/\/www.paolochiesifoundation.org\/fr\/site-web-modele-nest\/","name":"Le nouveau site web d\u00e9di\u00e9 au mod\u00e8le NEST est en ligne ! - Paolo Chiesi Foundation","isPartOf":{"@id":"https:\/\/www.paolochiesifoundation.org\/fr\/#website"},"primaryImageOfPage":{"@id":"https:\/\/www.paolochiesifoundation.org\/fr\/site-web-modele-nest\/#primaryimage"},"image":{"@id":"https:\/\/www.paolochiesifoundation.org\/fr\/site-web-modele-nest\/#primaryimage"},"thumbnailUrl":"https:\/\/www.paolochiesifoundation.org\/wp-content\/uploads\/2025\/12\/1920x1080-homepage-1.jpg","datePublished":"2026-01-09T10:02:39+00:00","dateModified":"2026-01-09T10:16:21+00:00","description":"La Fondation Paolo Chiesi lance le site web NEST Model pour soutenir les professionnels de la sant\u00e9 dans la prise en charge des nouveau-n\u00e9s dans les pays du Sud.","breadcrumb":{"@id":"https:\/\/www.paolochiesifoundation.org\/fr\/site-web-modele-nest\/#breadcrumb"},"inLanguage":"fr-FR","potentialAction":[{"@type":"ReadAction","target":["https:\/\/www.paolochiesifoundation.org\/fr\/site-web-modele-nest\/"]}]},{"@type":"ImageObject","inLanguage":"fr-FR","@id":"https:\/\/www.paolochiesifoundation.org\/fr\/site-web-modele-nest\/#primaryimage","url":"https:\/\/www.paolochiesifoundation.org\/wp-content\/uploads\/2025\/12\/1920x1080-homepage-1.jpg","contentUrl":"https:\/\/www.paolochiesifoundation.org\/wp-content\/uploads\/2025\/12\/1920x1080-homepage-1.jpg","width":1920,"height":1080,"caption":"Mod\u00e8le des \u00e9l\u00e9ments essentiels \u00e0 la survie et \u00e0 la croissance du nouveau-n\u00e9"},{"@type":"BreadcrumbList","@id":"https:\/\/www.paolochiesifoundation.org\/fr\/site-web-modele-nest\/#breadcrumb","itemListElement":[{"@type":"ListItem","position":1,"name":"Home","item":"https:\/\/www.paolochiesifoundation.org\/fr\/"},{"@type":"ListItem","position":2,"name":"Le nouveau site web d\u00e9di\u00e9 au mod\u00e8le NEST est en ligne !"}]},{"@type":"WebSite","@id":"https:\/\/www.paolochiesifoundation.org\/fr\/#website","url":"https:\/\/www.paolochiesifoundation.org\/fr\/","name":"Paolo Chiesi Foundation","description":"La salute \u00e8 un diritto di tutti","publisher":{"@id":"https:\/\/www.paolochiesifoundation.org\/fr\/#organization"},"potentialAction":[{"@type":"SearchAction","target":{"@type":"EntryPoint","urlTemplate":"https:\/\/www.paolochiesifoundation.org\/fr\/?s={search_term_string}"},"query-input":{"@type":"PropertyValueSpecification","valueRequired":true,"valueName":"search_term_string"}}],"inLanguage":"fr-FR"},{"@type":"Organization","@id":"https:\/\/www.paolochiesifoundation.org\/fr\/#organization","name":"Fondation Paolo Chiesi","url":"https:\/\/www.paolochiesifoundation.org\/fr\/","logo":{"@type":"ImageObject","inLanguage":"fr-FR","@id":"https:\/\/www.paolochiesifoundation.org\/fr\/#\/schema\/logo\/image\/","url":"https:\/\/www.paolochiesifoundation.org\/wp-content\/uploads\/2025\/09\/PCF-logo-pos-e1758787716100.png","contentUrl":"https:\/\/www.paolochiesifoundation.org\/wp-content\/uploads\/2025\/09\/PCF-logo-pos-e1758787716100.png","width":1815,"height":1145,"caption":"Fondation Paolo Chiesi"},"image":{"@id":"https:\/\/www.paolochiesifoundation.org\/fr\/#\/schema\/logo\/image\/"},"sameAs":["https:\/\/www.facebook.com\/Chiesi.Foundation\/","https:\/\/www.linkedin.com\/company\/chiesi-foundation"]},{"@type":"Person","@id":"https:\/\/www.paolochiesifoundation.org\/fr\/#\/schema\/person\/fdeb13d1bce8f880554fe6c62e1867db","name":"Lorenzo Picicco","image":{"@type":"ImageObject","inLanguage":"fr-FR","@id":"https:\/\/secure.gravatar.com\/avatar\/cbc645b331ab63f222fe5729d0555cbc14df95e45fc4362d013a81f62e19a05c?s=96&d=mm&r=g","url":"https:\/\/secure.gravatar.com\/avatar\/cbc645b331ab63f222fe5729d0555cbc14df95e45fc4362d013a81f62e19a05c?s=96&d=mm&r=g","contentUrl":"https:\/\/secure.gravatar.com\/avatar\/cbc645b331ab63f222fe5729d0555cbc14df95e45fc4362d013a81f62e19a05c?s=96&d=mm&r=g","caption":"Lorenzo Picicco"},"url":"https:\/\/www.paolochiesifoundation.org\/fr\/author\/lpicicco\/"}]}},"_links":{"self":[{"href":"https:\/\/www.paolochiesifoundation.org\/fr\/wp-json\/wp\/v2\/posts\/15866","targetHints":{"allow":["GET"]}}],"collection":[{"href":"https:\/\/www.paolochiesifoundation.org\/fr\/wp-json\/wp\/v2\/posts"}],"about":[{"href":"https:\/\/www.paolochiesifoundation.org\/fr\/wp-json\/wp\/v2\/types\/post"}],"author":[{"embeddable":true,"href":"https:\/\/www.paolochiesifoundation.org\/fr\/wp-json\/wp\/v2\/users\/9"}],"replies":[{"embeddable":true,"href":"https:\/\/www.paolochiesifoundation.org\/fr\/wp-json\/wp\/v2\/comments?post=15866"}],"version-history":[{"count":13,"href":"https:\/\/www.paolochiesifoundation.org\/fr\/wp-json\/wp\/v2\/posts\/15866\/revisions"}],"predecessor-version":[{"id":15940,"href":"https:\/\/www.paolochiesifoundation.org\/fr\/wp-json\/wp\/v2\/posts\/15866\/revisions\/15940"}],"wp:featuredmedia":[{"embeddable":true,"href":"https:\/\/www.paolochiesifoundation.org\/fr\/wp-json\/wp\/v2\/media\/15848"}],"wp:attachment":[{"href":"https:\/\/www.paolochiesifoundation.org\/fr\/wp-json\/wp\/v2\/media?parent=15866"}],"wp:term":[{"taxonomy":"category","embeddable":true,"href":"https:\/\/www.paolochiesifoundation.org\/fr\/wp-json\/wp\/v2\/categories?post=15866"},{"taxonomy":"post_tag","embeddable":true,"href":"https:\/\/www.paolochiesifoundation.org\/fr\/wp-json\/wp\/v2\/tags?post=15866"}],"curies":[{"name":"wp","href":"https:\/\/api.w.org\/{rel}","templated":true}]}}