{"id":15898,"date":"2026-01-15T13:26:40","date_gmt":"2026-01-15T13:26:40","guid":{"rendered":"https:\/\/www.paolochiesifoundation.org\/?p=15898"},"modified":"2026-02-06T14:47:13","modified_gmt":"2026-02-06T14:47:13","slug":"corredores-maraton-milan-2026","status":"publish","type":"post","link":"https:\/\/www.paolochiesifoundation.org\/es\/corredores-maraton-milan-2026\/","title":{"rendered":"Juntos por los ni\u00f1os de Benin: \u00a1nuestros corredores en el Marat\u00f3n de Mil\u00e1n!"},"content":{"rendered":"<div class=\"fusion-fullwidth fullwidth-box fusion-builder-row-1 fusion-flex-container has-pattern-background has-mask-background nonhundred-percent-fullwidth non-hundred-percent-height-scrolling\" style=\"--awb-border-radius-top-left:0px;--awb-border-radius-top-right:0px;--awb-border-radius-bottom-right:0px;--awb-border-radius-bottom-left:0px;--awb-flex-wrap:wrap;\" ><div class=\"fusion-builder-row fusion-row fusion-flex-align-items-flex-start fusion-flex-content-wrap\" style=\"max-width:1216.8px;margin-left: calc(-4% \/ 2 );margin-right: calc(-4% \/ 2 );\"><div class=\"fusion-layout-column fusion_builder_column fusion-builder-column-0 fusion_builder_column_1_1 1_1 fusion-flex-column\" style=\"--awb-bg-size:cover;--awb-width-large:100%;--awb-margin-top-large:0px;--awb-spacing-right-large:1.92%;--awb-margin-bottom-large:20px;--awb-spacing-left-large:1.92%;--awb-width-medium:100%;--awb-order-medium:0;--awb-spacing-right-medium:1.92%;--awb-spacing-left-medium:1.92%;--awb-width-small:100%;--awb-order-small:0;--awb-spacing-right-small:1.92%;--awb-spacing-left-small:1.92%;\"><div class=\"fusion-column-wrapper fusion-column-has-shadow fusion-flex-justify-content-flex-start fusion-content-layout-column\"><div class=\"fusion-text fusion-text-1\"><p>El Marat\u00f3n de Mil\u00e1n 2026 no es solo una carrera: es una oportunidad especial para <b>combinar deporte, solidaridad y esp\u00edritu de equipo<\/b> , apoyando una causa que realmente puede cambiar la vida de muchos reci\u00e9n nacidos y sus familias en Benin.<\/p>\n<p>Este a\u00f1o, por primera vez, la Fundaci\u00f3n Paolo Chiesi participa en el Programa Ben\u00e9fico del Marat\u00f3n de Mil\u00e1n, con <b>muchos compa\u00f1eros del Grupo Chiesi que han decidido participar<\/b> : algunos correr\u00e1n el marat\u00f3n individual, otros se turnar\u00e1n en los relevos del Marat\u00f3n de Relevos. Sin embargo, todos han optado por convertirse en recaudadores de fondos, lanzando una campa\u00f1a personal para el proyecto \u00bb <a style=\"color: #85c9f0; text-decoration: underline;\" href=\"https:\/\/www.retedeldono.it\/progetto\/un-inizio-sano-i-neonati-del-benin\" target=\"_blank\" rel=\"noopener\"><b>Un Futuro Saludable para los Reci\u00e9n Nacidos en Ben\u00edn<\/b><\/a> \u00ab.<\/p>\n<h3><b>\u00bfQui\u00e9nes son nuestros corredores y recaudadores de fondos?<\/b><\/h3>\n<ul>\n<li><a style=\"color: #85c9f0; text-decoration: underline;\" href=\"https:\/\/www.retedeldono.it\/iniziativa\/sofiapoletto\/super-pendolari-bros\" target=\"_blank\" rel=\"noopener\"><b>Super Pendolari Bros<\/b><\/a>: Sofia, Giuditta, Lorena, Lorenzo<\/li>\n<li><a style=\"color: #85c9f0; text-decoration: underline;\" href=\"https:\/\/www.retedeldono.it\/iniziativa\/riccardoromolo\/gtders-pre-clinici-fuga\" target=\"_blank\" rel=\"noopener\"><b>GTders\u00a0&amp;\u00a0Pre-Clinici Fuga<\/b><\/a>: Riccardo, Emanuela, Benedetta, Federico<\/li>\n<li><a style=\"color: #85c9f0; text-decoration: underline;\" href=\"https:\/\/www.retedeldono.it\/iniziativa\/federicoferrari\/4-runners-4-benin\" target=\"_blank\" rel=\"noopener\"><b>4 Runners 4 Benin<\/b><\/a>: Alessandro, Arianna, Federico, Martina<\/li>\n<li><a style=\"color: #85c9f0; text-decoration: underline;\" href=\"https:\/\/www.retedeldono.it\/iniziativa\/veronicagimignani\/fastes-four\" target=\"_blank\" rel=\"noopener\"><b>Fastest Four<\/b><\/a>: Veronica, Marco, Santiago, Alessandra<\/li>\n<li><a style=\"color: #85c9f0; text-decoration: underline;\" href=\"https:\/\/www.retedeldono.it\/iniziativa\/federicarebuglio\/grandi-maratoneti-dilettanti\" target=\"_blank\" rel=\"noopener\"><b>Grandi Maratoneti Dilettanti<\/b><\/a>: Federica, Alessandra, Giulia, Andrea<\/li>\n<li><a style=\"color: #85c9f0; text-decoration: underline;\" href=\"https:\/\/www.retedeldono.it\/iniziativa\/anna-mariaciaston\/ip-ip-hurra\" target=\"_blank\" rel=\"noopener\"><b>IP IP Hurr\u00e0<\/b><\/a>: Anna Maria, Alessandra, Carmela Guido<\/li>\n<li><a style=\"color: #85c9f0; text-decoration: underline;\" href=\"https:\/\/www.retedeldono.it\/iniziativa\/elisavalenti\/maratoneti-sbaglio\" target=\"_blank\" rel=\"noopener\"><b>Maratoneti per sbaglio<\/b><\/a>: Anna, Damiano, Elisa, Marco<\/li>\n<li><a style=\"color: #85c9f0; text-decoration: underline;\" href=\"https:\/\/www.retedeldono.it\/iniziativa\/marialiceclemente\/4-runner-un-traguardo-di-vita\" target=\"_blank\" rel=\"noopener\"><b>4 Runner, un\u00a0traguardo di\u00a0vita<\/b><\/a>: Marialice, Gessica, Valentina, Debora<\/li>\n<li><a style=\"color: #85c9f0; text-decoration: underline;\" href=\"https:\/\/www.retedeldono.it\/iniziativa\/alessandrovurchio\/akpan-run\" target=\"_blank\" rel=\"noopener\"><b>Akpan Run<\/b><\/a>: Alessandro, Heinok, Jacopo, Rosario<\/li>\n<li><a style=\"color: #85c9f0; text-decoration: underline;\" href=\"https:\/\/www.retedeldono.it\/iniziativa\/clarissabrivio\/i-gondolieri\" target=\"_blank\" rel=\"noopener\"><b>I Gondolieri<\/b><\/a>: Clarissa, Rachele, Ilaria, Alexey<\/li>\n<li><a style=\"color: #85c9f0; text-decoration: underline;\" href=\"https:\/\/www.retedeldono.it\/iniziativa\/simonedaniele\/corri-con-me-i-bambini-del-benin\" target=\"_blank\" rel=\"noopener\"><b>Corri con me per i bambini del Benin<\/b><\/a>: Simone<\/li>\n<li><a style=\"color: #85c9f0; text-decoration: underline;\" href=\"https:\/\/www.retedeldono.it\/iniziativa\/simonede-meo\/4-run-4-hope\" target=\"_blank\" rel=\"noopener\"><b>4 Run 4 Hope<\/b><\/a>: Simone, Angelo, Ambra, Erika<\/li>\n<li><a style=\"color: #85c9f0; text-decoration: underline;\" href=\"https:\/\/www.retedeldono.it\/iniziativa\/silviabattaglioli\/we-run-4se\" target=\"_blank\" rel=\"noopener\"><b>We Run 4&#8230;se<\/b><\/a>: Silvia, Pierluigi, Roberto, Mauro<\/li>\n<li><a style=\"color: #85c9f0; text-decoration: underline;\" href=\"https:\/\/www.retedeldono.it\/iniziativa\/danielededominici\/run42benin\" target=\"_blank\" rel=\"noopener\"><b>Run4(2)Benin<\/b><\/a>: Daniele<\/li>\n<li><a style=\"color: #85c9f0; text-decoration: underline;\" href=\"https:\/\/www.retedeldono.it\/iniziativa\/alicepradelli\/running-out-breath-benin\" target=\"_blank\" rel=\"noopener\"><b>Running (out of breath) for Benin<\/b><\/a>: Alice, Giusy, Manuel, Tomaso<\/li>\n<li><a style=\"color: #85c9f0; text-decoration: underline;\" href=\"https:\/\/www.retedeldono.it\/iniziativa\/massimosalvadori\/running-tanguieta\/\" target=\"_blank\" rel=\"noopener\"><b>Running\u00a0for\u00a0Tanguieta<\/b><\/a>: Massimo<\/li>\n<li><a style=\"color: #85c9f0; text-decoration: underline;\" href=\"https:\/\/www.retedeldono.it\/iniziativa\/paolochiesifoundation\/pcf-running-team\/\" target=\"_blank\" rel=\"noopener\"><b>PCF Running Team<\/b><\/a>: Alessandra, Federica, Lorenzo, Omar<\/li>\n<\/ul>\n<p>Estos compa\u00f1eros han decidido dedicar su tiempo, energ\u00eda y pasi\u00f3n no solo a la carrera, sino tambi\u00e9n a la recaudaci\u00f3n de fondos, involucrando a amigos, familiares y a toda la comunidad empresarial. Cada kil\u00f3metro recorrido y cada donaci\u00f3n recaudada contribuir\u00e1n significativamente al proyecto de la Fundaci\u00f3n en Ben\u00edn <b>para reducir la mortalidad neonatal y mejorar la atenci\u00f3n a los ni\u00f1os m\u00e1s vulnerables<\/b> .<\/p>\n<h3><b>\u00bfC\u00f3mo puedes apoyar a nuestros corredores?<\/b><\/h3>\n<ul>\n<li><a style=\"color: #85c9f0; text-decoration: underline;\" href=\"https:\/\/www.retedeldono.it\/progetto\/un-inizio-sano-i-neonati-del-benin\" target=\"_blank\" rel=\"noopener\"><b>Haz una donaci\u00f3n<\/b><\/a> : elige un equipo de relevos o un corredor de marat\u00f3n para apoyar en la p\u00e1gina dedicada a Rete del Dono.<\/li>\n<li><b>Comparte su iniciativa<\/b> : ayuda a difundir la recaudaci\u00f3n de fondos entre amigos y conocidos, amplificando el impacto de la solidaridad.<\/li>\n<li><b>An\u00edmalos<\/b> : sigue la carrera, anima a nuestros corredores y participa activamente en este desaf\u00edo por equipos.<\/li>\n<\/ul>\n<h3><b>\u00bfPor qu\u00e9 es importante tu apoyo?<\/b><\/h3>\n<p>Gestionar y recaudar fondos para la Fundaci\u00f3n Paolo Chiesi significa:<\/p>\n<ul>\n<li>Contribuyendo de forma real a la salud infantil en Ben\u00edn<\/li>\n<li>Vive y comparte una experiencia \u00fanica de deporte y solidaridad<\/li>\n<li>Forma parte de un grupo de personas comprometidas con una causa concreta<\/li>\n<\/ul>\n<p><b>\u00danase a nosotros: \u00a1apoye a nuestros corredores y recaudadores de fondos!<\/b> Juntos podemos dar un futuro mejor a los reci\u00e9n nacidos de Benin.<\/p>\n<p>Para obtener m\u00e1s informaci\u00f3n sobre el proyecto y c\u00f3mo participar o apoyar la recaudaci\u00f3n de fondos, <strong><a style=\"color: #85c9f0; text-decoration: underline;\" href=\"https:\/\/www.retedeldono.it\/progetto\/un-inizio-sano-i-neonati-del-benin\" target=\"_blank\" rel=\"noopener\">visita la p\u00e1gina dedicada en Rete del Dono<\/a><\/strong> o escribe a <a style=\"color: #85c9f0; text-decoration: underline;\" href=\"mailto:info@paolochiesifoundation.org\" target=\"_blank\" rel=\"noopener\">info@paolochiesifoundation.org<\/a> .<\/p>\n<\/div><\/div><\/div><\/div><\/div>\n","protected":false},"excerpt":{"rendered":"","protected":false},"author":9,"featured_media":14701,"comment_status":"closed","ping_status":"closed","sticky":false,"template":"","format":"standard","meta":{"footnotes":""},"categories":[58],"tags":[],"class_list":["post-15898","post","type-post","status-publish","format-standard","has-post-thumbnail","hentry","category-sin-categorizar"],"yoast_head":"<!-- This site is optimized with the Yoast SEO plugin v27.4 - https:\/\/yoast.com\/product\/yoast-seo-wordpress\/ -->\n<title>Juntos por los ni\u00f1os de Benin: \u00a1nuestros corredores en el Marat\u00f3n de Mil\u00e1n! - Paolo Chiesi Foundation<\/title>\n<meta name=\"description\" content=\"La Fundaci\u00f3n Paolo Chiesi participa en el Marat\u00f3n de Mil\u00e1n con muchos compa\u00f1eros del Grupo Chiesi que han decidido implicarse.\" \/>\n<meta name=\"robots\" content=\"index, follow, max-snippet:-1, max-image-preview:large, max-video-preview:-1\" \/>\n<link rel=\"canonical\" href=\"https:\/\/www.paolochiesifoundation.org\/es\/corredores-maraton-milan-2026\/\" \/>\n<meta property=\"og:locale\" content=\"es_ES\" \/>\n<meta property=\"og:type\" content=\"article\" \/>\n<meta property=\"og:title\" content=\"Juntos por los ni\u00f1os de Benin: \u00a1nuestros corredores en el Marat\u00f3n de Mil\u00e1n! - Paolo Chiesi Foundation\" \/>\n<meta property=\"og:description\" content=\"La Fundaci\u00f3n Paolo Chiesi participa en el Marat\u00f3n de Mil\u00e1n con muchos compa\u00f1eros del Grupo Chiesi que han decidido implicarse.\" \/>\n<meta property=\"og:url\" content=\"https:\/\/www.paolochiesifoundation.org\/es\/corredores-maraton-milan-2026\/\" \/>\n<meta property=\"og:site_name\" content=\"Paolo Chiesi Foundation\" \/>\n<meta property=\"article:publisher\" content=\"https:\/\/www.facebook.com\/Chiesi.Foundation\/\" \/>\n<meta property=\"article:published_time\" content=\"2026-01-15T13:26:40+00:00\" \/>\n<meta property=\"article:modified_time\" content=\"2026-02-06T14:47:13+00:00\" \/>\n<meta property=\"og:image\" content=\"https:\/\/www.paolochiesifoundation.org\/wp-content\/uploads\/2025\/09\/Milano-Marathon-News-Cover-1024x576.png\" \/>\n\t<meta property=\"og:image:width\" content=\"1024\" \/>\n\t<meta property=\"og:image:height\" content=\"576\" \/>\n\t<meta property=\"og:image:type\" content=\"image\/png\" \/>\n<meta name=\"author\" content=\"Lorenzo Picicco\" \/>\n<meta name=\"twitter:card\" content=\"summary_large_image\" \/>\n<meta name=\"twitter:label1\" content=\"Escrito por\" \/>\n\t<meta name=\"twitter:data1\" content=\"Lorenzo Picicco\" \/>\n\t<meta name=\"twitter:label2\" content=\"Tiempo de lectura\" \/>\n\t<meta name=\"twitter:data2\" content=\"3 minutos\" \/>\n<script type=\"application\/ld+json\" class=\"yoast-schema-graph\">{\"@context\":\"https:\\\/\\\/schema.org\",\"@graph\":[{\"@type\":\"Article\",\"@id\":\"https:\\\/\\\/www.paolochiesifoundation.org\\\/es\\\/corredores-maraton-milan-2026\\\/#article\",\"isPartOf\":{\"@id\":\"https:\\\/\\\/www.paolochiesifoundation.org\\\/es\\\/corredores-maraton-milan-2026\\\/\"},\"author\":{\"name\":\"Lorenzo Picicco\",\"@id\":\"https:\\\/\\\/www.paolochiesifoundation.org\\\/es\\\/#\\\/schema\\\/person\\\/fdeb13d1bce8f880554fe6c62e1867db\"},\"headline\":\"Juntos por los ni\u00f1os de Benin: \u00a1nuestros corredores en el Marat\u00f3n de Mil\u00e1n!\",\"datePublished\":\"2026-01-15T13:26:40+00:00\",\"dateModified\":\"2026-02-06T14:47:13+00:00\",\"mainEntityOfPage\":{\"@id\":\"https:\\\/\\\/www.paolochiesifoundation.org\\\/es\\\/corredores-maraton-milan-2026\\\/\"},\"wordCount\":1688,\"publisher\":{\"@id\":\"https:\\\/\\\/www.paolochiesifoundation.org\\\/es\\\/#organization\"},\"image\":{\"@id\":\"https:\\\/\\\/www.paolochiesifoundation.org\\\/es\\\/corredores-maraton-milan-2026\\\/#primaryimage\"},\"thumbnailUrl\":\"https:\\\/\\\/www.paolochiesifoundation.org\\\/wp-content\\\/uploads\\\/2025\\\/09\\\/Milano-Marathon-News-Cover.png\",\"articleSection\":[\"Sin categorizar\"],\"inLanguage\":\"es\"},{\"@type\":\"WebPage\",\"@id\":\"https:\\\/\\\/www.paolochiesifoundation.org\\\/es\\\/corredores-maraton-milan-2026\\\/\",\"url\":\"https:\\\/\\\/www.paolochiesifoundation.org\\\/es\\\/corredores-maraton-milan-2026\\\/\",\"name\":\"Juntos por los ni\u00f1os de Benin: \u00a1nuestros corredores en el Marat\u00f3n de Mil\u00e1n! - Paolo Chiesi Foundation\",\"isPartOf\":{\"@id\":\"https:\\\/\\\/www.paolochiesifoundation.org\\\/es\\\/#website\"},\"primaryImageOfPage\":{\"@id\":\"https:\\\/\\\/www.paolochiesifoundation.org\\\/es\\\/corredores-maraton-milan-2026\\\/#primaryimage\"},\"image\":{\"@id\":\"https:\\\/\\\/www.paolochiesifoundation.org\\\/es\\\/corredores-maraton-milan-2026\\\/#primaryimage\"},\"thumbnailUrl\":\"https:\\\/\\\/www.paolochiesifoundation.org\\\/wp-content\\\/uploads\\\/2025\\\/09\\\/Milano-Marathon-News-Cover.png\",\"datePublished\":\"2026-01-15T13:26:40+00:00\",\"dateModified\":\"2026-02-06T14:47:13+00:00\",\"description\":\"La Fundaci\u00f3n Paolo Chiesi participa en el Marat\u00f3n de Mil\u00e1n con muchos compa\u00f1eros del Grupo Chiesi que han decidido implicarse.\",\"breadcrumb\":{\"@id\":\"https:\\\/\\\/www.paolochiesifoundation.org\\\/es\\\/corredores-maraton-milan-2026\\\/#breadcrumb\"},\"inLanguage\":\"es\",\"potentialAction\":[{\"@type\":\"ReadAction\",\"target\":[\"https:\\\/\\\/www.paolochiesifoundation.org\\\/es\\\/corredores-maraton-milan-2026\\\/\"]}]},{\"@type\":\"ImageObject\",\"inLanguage\":\"es\",\"@id\":\"https:\\\/\\\/www.paolochiesifoundation.org\\\/es\\\/corredores-maraton-milan-2026\\\/#primaryimage\",\"url\":\"https:\\\/\\\/www.paolochiesifoundation.org\\\/wp-content\\\/uploads\\\/2025\\\/09\\\/Milano-Marathon-News-Cover.png\",\"contentUrl\":\"https:\\\/\\\/www.paolochiesifoundation.org\\\/wp-content\\\/uploads\\\/2025\\\/09\\\/Milano-Marathon-News-Cover.png\",\"width\":1920,\"height\":1080,\"caption\":\"Marat\u00f3n de Mil\u00e1n 2026 - Fundaci\u00f3n Paolo Chiesi\"},{\"@type\":\"BreadcrumbList\",\"@id\":\"https:\\\/\\\/www.paolochiesifoundation.org\\\/es\\\/corredores-maraton-milan-2026\\\/#breadcrumb\",\"itemListElement\":[{\"@type\":\"ListItem\",\"position\":1,\"name\":\"Home\",\"item\":\"https:\\\/\\\/www.paolochiesifoundation.org\\\/es\\\/\"},{\"@type\":\"ListItem\",\"position\":2,\"name\":\"Juntos por los ni\u00f1os de Benin: \u00a1nuestros corredores en el Marat\u00f3n de Mil\u00e1n!\"}]},{\"@type\":\"WebSite\",\"@id\":\"https:\\\/\\\/www.paolochiesifoundation.org\\\/es\\\/#website\",\"url\":\"https:\\\/\\\/www.paolochiesifoundation.org\\\/es\\\/\",\"name\":\"Paolo Chiesi Foundation\",\"description\":\"La salute \u00e8 un diritto di tutti\",\"publisher\":{\"@id\":\"https:\\\/\\\/www.paolochiesifoundation.org\\\/es\\\/#organization\"},\"potentialAction\":[{\"@type\":\"SearchAction\",\"target\":{\"@type\":\"EntryPoint\",\"urlTemplate\":\"https:\\\/\\\/www.paolochiesifoundation.org\\\/es\\\/?s={search_term_string}\"},\"query-input\":{\"@type\":\"PropertyValueSpecification\",\"valueRequired\":true,\"valueName\":\"search_term_string\"}}],\"inLanguage\":\"es\"},{\"@type\":\"Organization\",\"@id\":\"https:\\\/\\\/www.paolochiesifoundation.org\\\/es\\\/#organization\",\"name\":\"Fundaci\u00f3n Paolo Chiesi\",\"url\":\"https:\\\/\\\/www.paolochiesifoundation.org\\\/es\\\/\",\"logo\":{\"@type\":\"ImageObject\",\"inLanguage\":\"es\",\"@id\":\"https:\\\/\\\/www.paolochiesifoundation.org\\\/es\\\/#\\\/schema\\\/logo\\\/image\\\/\",\"url\":\"https:\\\/\\\/www.paolochiesifoundation.org\\\/wp-content\\\/uploads\\\/2025\\\/09\\\/PCF-logo-pos-e1758787716100.png\",\"contentUrl\":\"https:\\\/\\\/www.paolochiesifoundation.org\\\/wp-content\\\/uploads\\\/2025\\\/09\\\/PCF-logo-pos-e1758787716100.png\",\"width\":1815,\"height\":1145,\"caption\":\"Fundaci\u00f3n Paolo Chiesi\"},\"image\":{\"@id\":\"https:\\\/\\\/www.paolochiesifoundation.org\\\/es\\\/#\\\/schema\\\/logo\\\/image\\\/\"},\"sameAs\":[\"https:\\\/\\\/www.facebook.com\\\/Chiesi.Foundation\\\/\",\"https:\\\/\\\/www.linkedin.com\\\/company\\\/chiesi-foundation\"]},{\"@type\":\"Person\",\"@id\":\"https:\\\/\\\/www.paolochiesifoundation.org\\\/es\\\/#\\\/schema\\\/person\\\/fdeb13d1bce8f880554fe6c62e1867db\",\"name\":\"Lorenzo Picicco\",\"image\":{\"@type\":\"ImageObject\",\"inLanguage\":\"es\",\"@id\":\"https:\\\/\\\/secure.gravatar.com\\\/avatar\\\/cbc645b331ab63f222fe5729d0555cbc14df95e45fc4362d013a81f62e19a05c?s=96&d=mm&r=g\",\"url\":\"https:\\\/\\\/secure.gravatar.com\\\/avatar\\\/cbc645b331ab63f222fe5729d0555cbc14df95e45fc4362d013a81f62e19a05c?s=96&d=mm&r=g\",\"contentUrl\":\"https:\\\/\\\/secure.gravatar.com\\\/avatar\\\/cbc645b331ab63f222fe5729d0555cbc14df95e45fc4362d013a81f62e19a05c?s=96&d=mm&r=g\",\"caption\":\"Lorenzo Picicco\"},\"url\":\"https:\\\/\\\/www.paolochiesifoundation.org\\\/es\\\/author\\\/lpicicco\\\/\"}]}<\/script>\n<!-- \/ Yoast SEO plugin. -->","yoast_head_json":{"title":"Juntos por los ni\u00f1os de Benin: \u00a1nuestros corredores en el Marat\u00f3n de Mil\u00e1n! - Paolo Chiesi Foundation","description":"La Fundaci\u00f3n Paolo Chiesi participa en el Marat\u00f3n de Mil\u00e1n con muchos compa\u00f1eros del Grupo Chiesi que han decidido implicarse.","robots":{"index":"index","follow":"follow","max-snippet":"max-snippet:-1","max-image-preview":"max-image-preview:large","max-video-preview":"max-video-preview:-1"},"canonical":"https:\/\/www.paolochiesifoundation.org\/es\/corredores-maraton-milan-2026\/","og_locale":"es_ES","og_type":"article","og_title":"Juntos por los ni\u00f1os de Benin: \u00a1nuestros corredores en el Marat\u00f3n de Mil\u00e1n! - Paolo Chiesi Foundation","og_description":"La Fundaci\u00f3n Paolo Chiesi participa en el Marat\u00f3n de Mil\u00e1n con muchos compa\u00f1eros del Grupo Chiesi que han decidido implicarse.","og_url":"https:\/\/www.paolochiesifoundation.org\/es\/corredores-maraton-milan-2026\/","og_site_name":"Paolo Chiesi Foundation","article_publisher":"https:\/\/www.facebook.com\/Chiesi.Foundation\/","article_published_time":"2026-01-15T13:26:40+00:00","article_modified_time":"2026-02-06T14:47:13+00:00","og_image":[{"width":1024,"height":576,"url":"https:\/\/www.paolochiesifoundation.org\/wp-content\/uploads\/2025\/09\/Milano-Marathon-News-Cover-1024x576.png","type":"image\/png"}],"author":"Lorenzo Picicco","twitter_card":"summary_large_image","twitter_misc":{"Escrito por":"Lorenzo Picicco","Tiempo de lectura":"3 minutos"},"schema":{"@context":"https:\/\/schema.org","@graph":[{"@type":"Article","@id":"https:\/\/www.paolochiesifoundation.org\/es\/corredores-maraton-milan-2026\/#article","isPartOf":{"@id":"https:\/\/www.paolochiesifoundation.org\/es\/corredores-maraton-milan-2026\/"},"author":{"name":"Lorenzo Picicco","@id":"https:\/\/www.paolochiesifoundation.org\/es\/#\/schema\/person\/fdeb13d1bce8f880554fe6c62e1867db"},"headline":"Juntos por los ni\u00f1os de Benin: \u00a1nuestros corredores en el Marat\u00f3n de Mil\u00e1n!","datePublished":"2026-01-15T13:26:40+00:00","dateModified":"2026-02-06T14:47:13+00:00","mainEntityOfPage":{"@id":"https:\/\/www.paolochiesifoundation.org\/es\/corredores-maraton-milan-2026\/"},"wordCount":1688,"publisher":{"@id":"https:\/\/www.paolochiesifoundation.org\/es\/#organization"},"image":{"@id":"https:\/\/www.paolochiesifoundation.org\/es\/corredores-maraton-milan-2026\/#primaryimage"},"thumbnailUrl":"https:\/\/www.paolochiesifoundation.org\/wp-content\/uploads\/2025\/09\/Milano-Marathon-News-Cover.png","articleSection":["Sin categorizar"],"inLanguage":"es"},{"@type":"WebPage","@id":"https:\/\/www.paolochiesifoundation.org\/es\/corredores-maraton-milan-2026\/","url":"https:\/\/www.paolochiesifoundation.org\/es\/corredores-maraton-milan-2026\/","name":"Juntos por los ni\u00f1os de Benin: \u00a1nuestros corredores en el Marat\u00f3n de Mil\u00e1n! - Paolo Chiesi Foundation","isPartOf":{"@id":"https:\/\/www.paolochiesifoundation.org\/es\/#website"},"primaryImageOfPage":{"@id":"https:\/\/www.paolochiesifoundation.org\/es\/corredores-maraton-milan-2026\/#primaryimage"},"image":{"@id":"https:\/\/www.paolochiesifoundation.org\/es\/corredores-maraton-milan-2026\/#primaryimage"},"thumbnailUrl":"https:\/\/www.paolochiesifoundation.org\/wp-content\/uploads\/2025\/09\/Milano-Marathon-News-Cover.png","datePublished":"2026-01-15T13:26:40+00:00","dateModified":"2026-02-06T14:47:13+00:00","description":"La Fundaci\u00f3n Paolo Chiesi participa en el Marat\u00f3n de Mil\u00e1n con muchos compa\u00f1eros del Grupo Chiesi que han decidido implicarse.","breadcrumb":{"@id":"https:\/\/www.paolochiesifoundation.org\/es\/corredores-maraton-milan-2026\/#breadcrumb"},"inLanguage":"es","potentialAction":[{"@type":"ReadAction","target":["https:\/\/www.paolochiesifoundation.org\/es\/corredores-maraton-milan-2026\/"]}]},{"@type":"ImageObject","inLanguage":"es","@id":"https:\/\/www.paolochiesifoundation.org\/es\/corredores-maraton-milan-2026\/#primaryimage","url":"https:\/\/www.paolochiesifoundation.org\/wp-content\/uploads\/2025\/09\/Milano-Marathon-News-Cover.png","contentUrl":"https:\/\/www.paolochiesifoundation.org\/wp-content\/uploads\/2025\/09\/Milano-Marathon-News-Cover.png","width":1920,"height":1080,"caption":"Marat\u00f3n de Mil\u00e1n 2026 - Fundaci\u00f3n Paolo Chiesi"},{"@type":"BreadcrumbList","@id":"https:\/\/www.paolochiesifoundation.org\/es\/corredores-maraton-milan-2026\/#breadcrumb","itemListElement":[{"@type":"ListItem","position":1,"name":"Home","item":"https:\/\/www.paolochiesifoundation.org\/es\/"},{"@type":"ListItem","position":2,"name":"Juntos por los ni\u00f1os de Benin: \u00a1nuestros corredores en el Marat\u00f3n de Mil\u00e1n!"}]},{"@type":"WebSite","@id":"https:\/\/www.paolochiesifoundation.org\/es\/#website","url":"https:\/\/www.paolochiesifoundation.org\/es\/","name":"Paolo Chiesi Foundation","description":"La salute \u00e8 un diritto di tutti","publisher":{"@id":"https:\/\/www.paolochiesifoundation.org\/es\/#organization"},"potentialAction":[{"@type":"SearchAction","target":{"@type":"EntryPoint","urlTemplate":"https:\/\/www.paolochiesifoundation.org\/es\/?s={search_term_string}"},"query-input":{"@type":"PropertyValueSpecification","valueRequired":true,"valueName":"search_term_string"}}],"inLanguage":"es"},{"@type":"Organization","@id":"https:\/\/www.paolochiesifoundation.org\/es\/#organization","name":"Fundaci\u00f3n Paolo Chiesi","url":"https:\/\/www.paolochiesifoundation.org\/es\/","logo":{"@type":"ImageObject","inLanguage":"es","@id":"https:\/\/www.paolochiesifoundation.org\/es\/#\/schema\/logo\/image\/","url":"https:\/\/www.paolochiesifoundation.org\/wp-content\/uploads\/2025\/09\/PCF-logo-pos-e1758787716100.png","contentUrl":"https:\/\/www.paolochiesifoundation.org\/wp-content\/uploads\/2025\/09\/PCF-logo-pos-e1758787716100.png","width":1815,"height":1145,"caption":"Fundaci\u00f3n Paolo Chiesi"},"image":{"@id":"https:\/\/www.paolochiesifoundation.org\/es\/#\/schema\/logo\/image\/"},"sameAs":["https:\/\/www.facebook.com\/Chiesi.Foundation\/","https:\/\/www.linkedin.com\/company\/chiesi-foundation"]},{"@type":"Person","@id":"https:\/\/www.paolochiesifoundation.org\/es\/#\/schema\/person\/fdeb13d1bce8f880554fe6c62e1867db","name":"Lorenzo Picicco","image":{"@type":"ImageObject","inLanguage":"es","@id":"https:\/\/secure.gravatar.com\/avatar\/cbc645b331ab63f222fe5729d0555cbc14df95e45fc4362d013a81f62e19a05c?s=96&d=mm&r=g","url":"https:\/\/secure.gravatar.com\/avatar\/cbc645b331ab63f222fe5729d0555cbc14df95e45fc4362d013a81f62e19a05c?s=96&d=mm&r=g","contentUrl":"https:\/\/secure.gravatar.com\/avatar\/cbc645b331ab63f222fe5729d0555cbc14df95e45fc4362d013a81f62e19a05c?s=96&d=mm&r=g","caption":"Lorenzo Picicco"},"url":"https:\/\/www.paolochiesifoundation.org\/es\/author\/lpicicco\/"}]}},"_links":{"self":[{"href":"https:\/\/www.paolochiesifoundation.org\/es\/wp-json\/wp\/v2\/posts\/15898","targetHints":{"allow":["GET"]}}],"collection":[{"href":"https:\/\/www.paolochiesifoundation.org\/es\/wp-json\/wp\/v2\/posts"}],"about":[{"href":"https:\/\/www.paolochiesifoundation.org\/es\/wp-json\/wp\/v2\/types\/post"}],"author":[{"embeddable":true,"href":"https:\/\/www.paolochiesifoundation.org\/es\/wp-json\/wp\/v2\/users\/9"}],"replies":[{"embeddable":true,"href":"https:\/\/www.paolochiesifoundation.org\/es\/wp-json\/wp\/v2\/comments?post=15898"}],"version-history":[{"count":11,"href":"https:\/\/www.paolochiesifoundation.org\/es\/wp-json\/wp\/v2\/posts\/15898\/revisions"}],"predecessor-version":[{"id":15989,"href":"https:\/\/www.paolochiesifoundation.org\/es\/wp-json\/wp\/v2\/posts\/15898\/revisions\/15989"}],"wp:featuredmedia":[{"embeddable":true,"href":"https:\/\/www.paolochiesifoundation.org\/es\/wp-json\/wp\/v2\/media\/14701"}],"wp:attachment":[{"href":"https:\/\/www.paolochiesifoundation.org\/es\/wp-json\/wp\/v2\/media?parent=15898"}],"wp:term":[{"taxonomy":"category","embeddable":true,"href":"https:\/\/www.paolochiesifoundation.org\/es\/wp-json\/wp\/v2\/categories?post=15898"},{"taxonomy":"post_tag","embeddable":true,"href":"https:\/\/www.paolochiesifoundation.org\/es\/wp-json\/wp\/v2\/tags?post=15898"}],"curies":[{"name":"wp","href":"https:\/\/api.w.org\/{rel}","templated":true}]}}