{"id":15874,"date":"2026-01-09T10:02:39","date_gmt":"2026-01-09T10:02:39","guid":{"rendered":"https:\/\/www.paolochiesifoundation.org\/?p=15874"},"modified":"2026-01-09T10:05:00","modified_gmt":"2026-01-09T10:05:00","slug":"sitio-modelo-nest","status":"publish","type":"post","link":"https:\/\/www.paolochiesifoundation.org\/es\/sitio-modelo-nest\/","title":{"rendered":"\u00a1El nuevo sitio web dedicado al Modelo NEST ya est\u00e1 online!"},"content":{"rendered":"<div class=\"fusion-fullwidth fullwidth-box fusion-builder-row-1 fusion-flex-container has-pattern-background has-mask-background nonhundred-percent-fullwidth non-hundred-percent-height-scrolling\" style=\"--awb-border-radius-top-left:0px;--awb-border-radius-top-right:0px;--awb-border-radius-bottom-right:0px;--awb-border-radius-bottom-left:0px;--awb-flex-wrap:wrap;\" ><div class=\"fusion-builder-row fusion-row fusion-flex-align-items-flex-start fusion-flex-content-wrap\" style=\"max-width:1216.8px;margin-left: calc(-4% \/ 2 );margin-right: calc(-4% \/ 2 );\"><div class=\"fusion-layout-column fusion_builder_column fusion-builder-column-0 fusion_builder_column_1_1 1_1 fusion-flex-column\" style=\"--awb-bg-size:cover;--awb-width-large:100%;--awb-margin-top-large:0px;--awb-spacing-right-large:1.92%;--awb-margin-bottom-large:20px;--awb-spacing-left-large:1.92%;--awb-width-medium:100%;--awb-order-medium:0;--awb-spacing-right-medium:1.92%;--awb-spacing-left-medium:1.92%;--awb-width-small:100%;--awb-order-small:0;--awb-spacing-right-small:1.92%;--awb-spacing-left-small:1.92%;\"><div class=\"fusion-column-wrapper fusion-column-has-shadow fusion-flex-justify-content-flex-start fusion-content-layout-column\"><div class=\"fusion-text fusion-text-1\"><p>La <b>Fundaci\u00f3n Paolo Chiesi<\/b> se complace en anunciar el lanzamiento de su <a style=\"color: #85c9f0; text-decoration: underline;\" href=\"https:\/\/nest.paolochiesifoundation.org\/\" target=\"_blank\" rel=\"noopener\">nuevo sitio web dedicado al <strong>Modelo<\/strong> <b>NEST (Neonatal Essentials for Survival and Thriving)<\/b><\/a>, un proyecto nacido con una misi\u00f3n clara: <b>apoyar a los profesionales sanitarios en la atenci\u00f3n a reci\u00e9n nacidos en entornos con recursos limitados<\/b>. Esta herramienta digital representa un paso importante para que el Modelo NEST sea m\u00e1s accesible, comprensible y aplicable en todo el mundo.<\/p>\n<h3><b>\u00bfPor qu\u00e9 un sitio web dedicado al Modelo NEST?<\/b><\/h3>\n<p>El Modelo NEST se desarroll\u00f3 para abordar uno de los desaf\u00edos m\u00e1s urgentes de la salud global: <b>reducir la mortalidad neonatal en pa\u00edses con recursos limitados<\/b>. En muchas zonas del Sur Global, la falta de recursos, capacitaci\u00f3n e infraestructura adecuada dificulta garantizar una atenci\u00f3n de calidad para los reci\u00e9n nacidos m\u00e1s vulnerables y sus madres. El Modelo NEST propone un enfoque integrado y sostenible que combina <b>la experiencia cl\u00ednica, la capacitaci\u00f3n del personal, el equipo esencial y la participaci\u00f3n y el empoderamiento de la comunidad local<\/b>.<\/p>\n<p>El nuevo sitio fue creado para <b>transformar la teor\u00eda en pr\u00e1ctica<\/b>, ofreciendo una plataforma clara e intuitiva que gu\u00eda a los equipos de atenci\u00f3n m\u00e9dica paso a paso en la implementaci\u00f3n del modelo.<\/p>\n<h3><b>Lo que encuentras en el sitio<\/b><\/h3>\n<p>El portal fue dise\u00f1ado para ser <b>un punto de referencia integral<\/b> para quienes deseen comprender y aplicar el Modelo NEST. Sus secciones principales incluyen:<\/p>\n<ul>\n<li><b>Introducci\u00f3n al Modelo NEST:<\/b> Una visi\u00f3n general del modelo, su filosof\u00eda y los principios que lo rigen. Aqu\u00ed explicamos por qu\u00e9 el Modelo NEST se considera un enfoque innovador y c\u00f3mo puede marcar la diferencia en la supervivencia y el bienestar de los reci\u00e9n nacidos.<\/li>\n<li><b>Estructura y componentes del Modelo NEST:<\/b> Se basa en pilares fundamentales que interact\u00faan entre s\u00ed: capacitaci\u00f3n, preparaci\u00f3n organizacional, datos y promoci\u00f3n. Esta secci\u00f3n detalla cada componente y su funci\u00f3n en el sistema.<\/li>\n<li><b>Recursos pr\u00e1cticos:<\/b> Documentos descargables, gu\u00edas operativas, listas de verificaci\u00f3n y herramientas \u00fatiles para facilitar la implementaci\u00f3n del modelo en situaciones reales. El objetivo es proporcionar materiales concretos que los equipos de atenci\u00f3n m\u00e9dica puedan utilizar directamente.<\/li>\n<li><b>Perspectivas y casos pr\u00e1cticos:<\/b> ejemplos de la aplicaci\u00f3n del Modelo NEST en diversos entornos hospitalarios del Sur Global. Estos casos demuestran c\u00f3mo el modelo puede adaptarse a las necesidades locales espec\u00edficas.<\/li>\n<li><b>Accesibilidad ling\u00fc\u00edstica:<\/b> Para fomentar la colaboraci\u00f3n internacional, el sitio est\u00e1 disponible en <b>ingl\u00e9s y franc\u00e9s<\/b>, con el objetivo de llegar al mayor n\u00famero posible de profesionales y organizaciones.<\/li>\n<\/ul>\n<p><a style=\"color: #85c9f0; text-decoration: underline;\" href=\"https:\/\/nest.paolochiesifoundation.org\/\" target=\"_blank\" rel=\"noopener\"><b>Visita el nuevo sitio web de NEST<\/b><\/a><\/p>\n<h3><b>Por qu\u00e9 es importante<\/b><\/h3>\n<p>Cada a\u00f1o, <b>2,3 millones de reci\u00e9n nacidos mueren en todo el mundo durante los primeros treinta d\u00edas de vida<\/b>. Este fen\u00f3meno afecta especialmente a los pa\u00edses de ingresos bajos y medios, donde los recursos hospitalarios y de los centros de salud son insuficientes para brindar atenci\u00f3n esencial a los reci\u00e9n nacidos. En el \u00c1frica subsahariana, la mortalidad neonatal se encuentra entre las m\u00e1s altas, con <b>26 ni\u00f1os que mueren por cada mil nacidos vivos<\/b>.<\/p>\n<p>Detr\u00e1s de estos datos se encuentran <b>familias, comunidades y profesionales sanitarios<\/b> que se esfuerzan por brindar atenci\u00f3n a los reci\u00e9n nacidos. La mayor\u00eda de las muertes se pueden prevenir con intervenciones sencillas y organizadas. El Modelo NEST ofrece pr\u00e1cticas y herramientas que permiten a los equipos sanitarios intervenir: invertir en atenci\u00f3n neonatal b\u00e1sica salva vidas y crear las condiciones para un futuro en el que cada ni\u00f1o pueda crecer sano.<\/p>\n<h3><b>El modelo NEST: una visi\u00f3n para el futuro<\/b><\/h3>\n<p>El Modelo NEST no es solo un conjunto de directrices: es <b>una estrategia integral para mejorar la salud neonatal<\/b>. Se basa en un enfoque sist\u00e9mico que prioriza a las personas y los procesos. Su fortaleza reside en su <b>escalabilidad y sostenibilidad<\/b>, adapt\u00e1ndose a diferentes realidades sin perder eficacia.<\/p>\n<p>A trav\u00e9s del nuevo sitio web, esperamos <b>crear una comunidad de profesionales y organizaciones<\/b> que compartan conocimientos, experiencias y mejores pr\u00e1cticas, contribuyendo juntos a reducir la mortalidad neonatal y garantizar un futuro mejor para los ni\u00f1os en todo el Sur Global.<\/p>\n<p><b>\u00bfQuieres saber m\u00e1s?<\/b> <a style=\"color: #85c9f0; text-decoration: underline;\" href=\"https:\/\/nest.paolochiesifoundation.org\/\" target=\"_blank\" rel=\"noopener\">Visita el sitio web de NEST<\/a> y \u00fanete a nuestra misi\u00f3n por la salud global del reci\u00e9n nacido.<\/p>\n<\/div><\/div><\/div><\/div><\/div>\n","protected":false},"excerpt":{"rendered":"","protected":false},"author":9,"featured_media":15852,"comment_status":"closed","ping_status":"closed","sticky":false,"template":"","format":"standard","meta":{"footnotes":""},"categories":[58],"tags":[],"class_list":["post-15874","post","type-post","status-publish","format-standard","has-post-thumbnail","hentry","category-sin-categorizar"],"yoast_head":"<!-- This site is optimized with the Yoast SEO plugin v27.4 - https:\/\/yoast.com\/product\/yoast-seo-wordpress\/ -->\n<title>\u00a1El nuevo sitio web dedicado al Modelo NEST ya est\u00e1 online! - Paolo Chiesi Foundation<\/title>\n<meta name=\"description\" content=\"La Fundaci\u00f3n Paolo Chiesi lanza el sitio web del Modelo NEST para apoyar a los profesionales de la salud en el cuidado de los reci\u00e9n nacidos en el Sur Global.\" \/>\n<meta name=\"robots\" content=\"index, follow, max-snippet:-1, max-image-preview:large, max-video-preview:-1\" \/>\n<link rel=\"canonical\" href=\"https:\/\/www.paolochiesifoundation.org\/es\/sitio-modelo-nest\/\" \/>\n<meta property=\"og:locale\" content=\"es_ES\" \/>\n<meta property=\"og:type\" content=\"article\" \/>\n<meta property=\"og:title\" content=\"\u00a1El nuevo sitio web dedicado al Modelo NEST ya est\u00e1 online! - Paolo Chiesi Foundation\" \/>\n<meta property=\"og:description\" content=\"La Fundaci\u00f3n Paolo Chiesi lanza el sitio web del Modelo NEST para apoyar a los profesionales de la salud en el cuidado de los reci\u00e9n nacidos en el Sur Global.\" \/>\n<meta property=\"og:url\" content=\"https:\/\/www.paolochiesifoundation.org\/es\/sitio-modelo-nest\/\" \/>\n<meta property=\"og:site_name\" content=\"Paolo Chiesi Foundation\" \/>\n<meta property=\"article:publisher\" content=\"https:\/\/www.facebook.com\/Chiesi.Foundation\/\" \/>\n<meta property=\"article:published_time\" content=\"2026-01-09T10:02:39+00:00\" \/>\n<meta property=\"article:modified_time\" content=\"2026-01-09T10:05:00+00:00\" \/>\n<meta property=\"og:image\" content=\"https:\/\/www.paolochiesifoundation.org\/wp-content\/uploads\/2025\/12\/1920x1080-homepage-1.jpg\" \/>\n\t<meta property=\"og:image:width\" content=\"1920\" \/>\n\t<meta property=\"og:image:height\" content=\"1080\" \/>\n\t<meta property=\"og:image:type\" content=\"image\/jpeg\" \/>\n<meta name=\"author\" content=\"Lorenzo Picicco\" \/>\n<meta name=\"twitter:card\" content=\"summary_large_image\" \/>\n<meta name=\"twitter:label1\" content=\"Escrito por\" \/>\n\t<meta name=\"twitter:data1\" content=\"Lorenzo Picicco\" \/>\n\t<meta name=\"twitter:label2\" content=\"Tiempo de lectura\" \/>\n\t<meta name=\"twitter:data2\" content=\"4 minutos\" \/>\n<script type=\"application\/ld+json\" class=\"yoast-schema-graph\">{\"@context\":\"https:\\\/\\\/schema.org\",\"@graph\":[{\"@type\":\"Article\",\"@id\":\"https:\\\/\\\/www.paolochiesifoundation.org\\\/es\\\/sitio-modelo-nest\\\/#article\",\"isPartOf\":{\"@id\":\"https:\\\/\\\/www.paolochiesifoundation.org\\\/es\\\/sitio-modelo-nest\\\/\"},\"author\":{\"name\":\"Lorenzo Picicco\",\"@id\":\"https:\\\/\\\/www.paolochiesifoundation.org\\\/es\\\/#\\\/schema\\\/person\\\/fdeb13d1bce8f880554fe6c62e1867db\"},\"headline\":\"\u00a1El nuevo sitio web dedicado al Modelo NEST ya est\u00e1 online!\",\"datePublished\":\"2026-01-09T10:02:39+00:00\",\"dateModified\":\"2026-01-09T10:05:00+00:00\",\"mainEntityOfPage\":{\"@id\":\"https:\\\/\\\/www.paolochiesifoundation.org\\\/es\\\/sitio-modelo-nest\\\/\"},\"wordCount\":1921,\"publisher\":{\"@id\":\"https:\\\/\\\/www.paolochiesifoundation.org\\\/es\\\/#organization\"},\"image\":{\"@id\":\"https:\\\/\\\/www.paolochiesifoundation.org\\\/es\\\/sitio-modelo-nest\\\/#primaryimage\"},\"thumbnailUrl\":\"https:\\\/\\\/www.paolochiesifoundation.org\\\/wp-content\\\/uploads\\\/2025\\\/12\\\/1920x1080-homepage-1.jpg\",\"articleSection\":[\"Sin categorizar\"],\"inLanguage\":\"es\"},{\"@type\":\"WebPage\",\"@id\":\"https:\\\/\\\/www.paolochiesifoundation.org\\\/es\\\/sitio-modelo-nest\\\/\",\"url\":\"https:\\\/\\\/www.paolochiesifoundation.org\\\/es\\\/sitio-modelo-nest\\\/\",\"name\":\"\u00a1El nuevo sitio web dedicado al Modelo NEST ya est\u00e1 online! - Paolo Chiesi Foundation\",\"isPartOf\":{\"@id\":\"https:\\\/\\\/www.paolochiesifoundation.org\\\/es\\\/#website\"},\"primaryImageOfPage\":{\"@id\":\"https:\\\/\\\/www.paolochiesifoundation.org\\\/es\\\/sitio-modelo-nest\\\/#primaryimage\"},\"image\":{\"@id\":\"https:\\\/\\\/www.paolochiesifoundation.org\\\/es\\\/sitio-modelo-nest\\\/#primaryimage\"},\"thumbnailUrl\":\"https:\\\/\\\/www.paolochiesifoundation.org\\\/wp-content\\\/uploads\\\/2025\\\/12\\\/1920x1080-homepage-1.jpg\",\"datePublished\":\"2026-01-09T10:02:39+00:00\",\"dateModified\":\"2026-01-09T10:05:00+00:00\",\"description\":\"La Fundaci\u00f3n Paolo Chiesi lanza el sitio web del Modelo NEST para apoyar a los profesionales de la salud en el cuidado de los reci\u00e9n nacidos en el Sur Global.\",\"breadcrumb\":{\"@id\":\"https:\\\/\\\/www.paolochiesifoundation.org\\\/es\\\/sitio-modelo-nest\\\/#breadcrumb\"},\"inLanguage\":\"es\",\"potentialAction\":[{\"@type\":\"ReadAction\",\"target\":[\"https:\\\/\\\/www.paolochiesifoundation.org\\\/es\\\/sitio-modelo-nest\\\/\"]}]},{\"@type\":\"ImageObject\",\"inLanguage\":\"es\",\"@id\":\"https:\\\/\\\/www.paolochiesifoundation.org\\\/es\\\/sitio-modelo-nest\\\/#primaryimage\",\"url\":\"https:\\\/\\\/www.paolochiesifoundation.org\\\/wp-content\\\/uploads\\\/2025\\\/12\\\/1920x1080-homepage-1.jpg\",\"contentUrl\":\"https:\\\/\\\/www.paolochiesifoundation.org\\\/wp-content\\\/uploads\\\/2025\\\/12\\\/1920x1080-homepage-1.jpg\",\"width\":1920,\"height\":1080,\"caption\":\"Modelo de elementos esenciales para la supervivencia y el desarrollo neonatal\"},{\"@type\":\"BreadcrumbList\",\"@id\":\"https:\\\/\\\/www.paolochiesifoundation.org\\\/es\\\/sitio-modelo-nest\\\/#breadcrumb\",\"itemListElement\":[{\"@type\":\"ListItem\",\"position\":1,\"name\":\"Home\",\"item\":\"https:\\\/\\\/www.paolochiesifoundation.org\\\/es\\\/\"},{\"@type\":\"ListItem\",\"position\":2,\"name\":\"\u00a1El nuevo sitio web dedicado al Modelo NEST ya est\u00e1 online!\"}]},{\"@type\":\"WebSite\",\"@id\":\"https:\\\/\\\/www.paolochiesifoundation.org\\\/es\\\/#website\",\"url\":\"https:\\\/\\\/www.paolochiesifoundation.org\\\/es\\\/\",\"name\":\"Paolo Chiesi Foundation\",\"description\":\"La salute \u00e8 un diritto di tutti\",\"publisher\":{\"@id\":\"https:\\\/\\\/www.paolochiesifoundation.org\\\/es\\\/#organization\"},\"potentialAction\":[{\"@type\":\"SearchAction\",\"target\":{\"@type\":\"EntryPoint\",\"urlTemplate\":\"https:\\\/\\\/www.paolochiesifoundation.org\\\/es\\\/?s={search_term_string}\"},\"query-input\":{\"@type\":\"PropertyValueSpecification\",\"valueRequired\":true,\"valueName\":\"search_term_string\"}}],\"inLanguage\":\"es\"},{\"@type\":\"Organization\",\"@id\":\"https:\\\/\\\/www.paolochiesifoundation.org\\\/es\\\/#organization\",\"name\":\"Fundaci\u00f3n Paolo Chiesi\",\"url\":\"https:\\\/\\\/www.paolochiesifoundation.org\\\/es\\\/\",\"logo\":{\"@type\":\"ImageObject\",\"inLanguage\":\"es\",\"@id\":\"https:\\\/\\\/www.paolochiesifoundation.org\\\/es\\\/#\\\/schema\\\/logo\\\/image\\\/\",\"url\":\"https:\\\/\\\/www.paolochiesifoundation.org\\\/wp-content\\\/uploads\\\/2025\\\/09\\\/PCF-logo-pos-e1758787716100.png\",\"contentUrl\":\"https:\\\/\\\/www.paolochiesifoundation.org\\\/wp-content\\\/uploads\\\/2025\\\/09\\\/PCF-logo-pos-e1758787716100.png\",\"width\":1815,\"height\":1145,\"caption\":\"Fundaci\u00f3n Paolo Chiesi\"},\"image\":{\"@id\":\"https:\\\/\\\/www.paolochiesifoundation.org\\\/es\\\/#\\\/schema\\\/logo\\\/image\\\/\"},\"sameAs\":[\"https:\\\/\\\/www.facebook.com\\\/Chiesi.Foundation\\\/\",\"https:\\\/\\\/www.linkedin.com\\\/company\\\/chiesi-foundation\"]},{\"@type\":\"Person\",\"@id\":\"https:\\\/\\\/www.paolochiesifoundation.org\\\/es\\\/#\\\/schema\\\/person\\\/fdeb13d1bce8f880554fe6c62e1867db\",\"name\":\"Lorenzo Picicco\",\"image\":{\"@type\":\"ImageObject\",\"inLanguage\":\"es\",\"@id\":\"https:\\\/\\\/secure.gravatar.com\\\/avatar\\\/cbc645b331ab63f222fe5729d0555cbc14df95e45fc4362d013a81f62e19a05c?s=96&d=mm&r=g\",\"url\":\"https:\\\/\\\/secure.gravatar.com\\\/avatar\\\/cbc645b331ab63f222fe5729d0555cbc14df95e45fc4362d013a81f62e19a05c?s=96&d=mm&r=g\",\"contentUrl\":\"https:\\\/\\\/secure.gravatar.com\\\/avatar\\\/cbc645b331ab63f222fe5729d0555cbc14df95e45fc4362d013a81f62e19a05c?s=96&d=mm&r=g\",\"caption\":\"Lorenzo Picicco\"},\"url\":\"https:\\\/\\\/www.paolochiesifoundation.org\\\/es\\\/author\\\/lpicicco\\\/\"}]}<\/script>\n<!-- \/ Yoast SEO plugin. -->","yoast_head_json":{"title":"\u00a1El nuevo sitio web dedicado al Modelo NEST ya est\u00e1 online! - Paolo Chiesi Foundation","description":"La Fundaci\u00f3n Paolo Chiesi lanza el sitio web del Modelo NEST para apoyar a los profesionales de la salud en el cuidado de los reci\u00e9n nacidos en el Sur Global.","robots":{"index":"index","follow":"follow","max-snippet":"max-snippet:-1","max-image-preview":"max-image-preview:large","max-video-preview":"max-video-preview:-1"},"canonical":"https:\/\/www.paolochiesifoundation.org\/es\/sitio-modelo-nest\/","og_locale":"es_ES","og_type":"article","og_title":"\u00a1El nuevo sitio web dedicado al Modelo NEST ya est\u00e1 online! - Paolo Chiesi Foundation","og_description":"La Fundaci\u00f3n Paolo Chiesi lanza el sitio web del Modelo NEST para apoyar a los profesionales de la salud en el cuidado de los reci\u00e9n nacidos en el Sur Global.","og_url":"https:\/\/www.paolochiesifoundation.org\/es\/sitio-modelo-nest\/","og_site_name":"Paolo Chiesi Foundation","article_publisher":"https:\/\/www.facebook.com\/Chiesi.Foundation\/","article_published_time":"2026-01-09T10:02:39+00:00","article_modified_time":"2026-01-09T10:05:00+00:00","og_image":[{"width":1920,"height":1080,"url":"https:\/\/www.paolochiesifoundation.org\/wp-content\/uploads\/2025\/12\/1920x1080-homepage-1.jpg","type":"image\/jpeg"}],"author":"Lorenzo Picicco","twitter_card":"summary_large_image","twitter_misc":{"Escrito por":"Lorenzo Picicco","Tiempo de lectura":"4 minutos"},"schema":{"@context":"https:\/\/schema.org","@graph":[{"@type":"Article","@id":"https:\/\/www.paolochiesifoundation.org\/es\/sitio-modelo-nest\/#article","isPartOf":{"@id":"https:\/\/www.paolochiesifoundation.org\/es\/sitio-modelo-nest\/"},"author":{"name":"Lorenzo Picicco","@id":"https:\/\/www.paolochiesifoundation.org\/es\/#\/schema\/person\/fdeb13d1bce8f880554fe6c62e1867db"},"headline":"\u00a1El nuevo sitio web dedicado al Modelo NEST ya est\u00e1 online!","datePublished":"2026-01-09T10:02:39+00:00","dateModified":"2026-01-09T10:05:00+00:00","mainEntityOfPage":{"@id":"https:\/\/www.paolochiesifoundation.org\/es\/sitio-modelo-nest\/"},"wordCount":1921,"publisher":{"@id":"https:\/\/www.paolochiesifoundation.org\/es\/#organization"},"image":{"@id":"https:\/\/www.paolochiesifoundation.org\/es\/sitio-modelo-nest\/#primaryimage"},"thumbnailUrl":"https:\/\/www.paolochiesifoundation.org\/wp-content\/uploads\/2025\/12\/1920x1080-homepage-1.jpg","articleSection":["Sin categorizar"],"inLanguage":"es"},{"@type":"WebPage","@id":"https:\/\/www.paolochiesifoundation.org\/es\/sitio-modelo-nest\/","url":"https:\/\/www.paolochiesifoundation.org\/es\/sitio-modelo-nest\/","name":"\u00a1El nuevo sitio web dedicado al Modelo NEST ya est\u00e1 online! - Paolo Chiesi Foundation","isPartOf":{"@id":"https:\/\/www.paolochiesifoundation.org\/es\/#website"},"primaryImageOfPage":{"@id":"https:\/\/www.paolochiesifoundation.org\/es\/sitio-modelo-nest\/#primaryimage"},"image":{"@id":"https:\/\/www.paolochiesifoundation.org\/es\/sitio-modelo-nest\/#primaryimage"},"thumbnailUrl":"https:\/\/www.paolochiesifoundation.org\/wp-content\/uploads\/2025\/12\/1920x1080-homepage-1.jpg","datePublished":"2026-01-09T10:02:39+00:00","dateModified":"2026-01-09T10:05:00+00:00","description":"La Fundaci\u00f3n Paolo Chiesi lanza el sitio web del Modelo NEST para apoyar a los profesionales de la salud en el cuidado de los reci\u00e9n nacidos en el Sur Global.","breadcrumb":{"@id":"https:\/\/www.paolochiesifoundation.org\/es\/sitio-modelo-nest\/#breadcrumb"},"inLanguage":"es","potentialAction":[{"@type":"ReadAction","target":["https:\/\/www.paolochiesifoundation.org\/es\/sitio-modelo-nest\/"]}]},{"@type":"ImageObject","inLanguage":"es","@id":"https:\/\/www.paolochiesifoundation.org\/es\/sitio-modelo-nest\/#primaryimage","url":"https:\/\/www.paolochiesifoundation.org\/wp-content\/uploads\/2025\/12\/1920x1080-homepage-1.jpg","contentUrl":"https:\/\/www.paolochiesifoundation.org\/wp-content\/uploads\/2025\/12\/1920x1080-homepage-1.jpg","width":1920,"height":1080,"caption":"Modelo de elementos esenciales para la supervivencia y el desarrollo neonatal"},{"@type":"BreadcrumbList","@id":"https:\/\/www.paolochiesifoundation.org\/es\/sitio-modelo-nest\/#breadcrumb","itemListElement":[{"@type":"ListItem","position":1,"name":"Home","item":"https:\/\/www.paolochiesifoundation.org\/es\/"},{"@type":"ListItem","position":2,"name":"\u00a1El nuevo sitio web dedicado al Modelo NEST ya est\u00e1 online!"}]},{"@type":"WebSite","@id":"https:\/\/www.paolochiesifoundation.org\/es\/#website","url":"https:\/\/www.paolochiesifoundation.org\/es\/","name":"Paolo Chiesi Foundation","description":"La salute \u00e8 un diritto di tutti","publisher":{"@id":"https:\/\/www.paolochiesifoundation.org\/es\/#organization"},"potentialAction":[{"@type":"SearchAction","target":{"@type":"EntryPoint","urlTemplate":"https:\/\/www.paolochiesifoundation.org\/es\/?s={search_term_string}"},"query-input":{"@type":"PropertyValueSpecification","valueRequired":true,"valueName":"search_term_string"}}],"inLanguage":"es"},{"@type":"Organization","@id":"https:\/\/www.paolochiesifoundation.org\/es\/#organization","name":"Fundaci\u00f3n Paolo Chiesi","url":"https:\/\/www.paolochiesifoundation.org\/es\/","logo":{"@type":"ImageObject","inLanguage":"es","@id":"https:\/\/www.paolochiesifoundation.org\/es\/#\/schema\/logo\/image\/","url":"https:\/\/www.paolochiesifoundation.org\/wp-content\/uploads\/2025\/09\/PCF-logo-pos-e1758787716100.png","contentUrl":"https:\/\/www.paolochiesifoundation.org\/wp-content\/uploads\/2025\/09\/PCF-logo-pos-e1758787716100.png","width":1815,"height":1145,"caption":"Fundaci\u00f3n Paolo Chiesi"},"image":{"@id":"https:\/\/www.paolochiesifoundation.org\/es\/#\/schema\/logo\/image\/"},"sameAs":["https:\/\/www.facebook.com\/Chiesi.Foundation\/","https:\/\/www.linkedin.com\/company\/chiesi-foundation"]},{"@type":"Person","@id":"https:\/\/www.paolochiesifoundation.org\/es\/#\/schema\/person\/fdeb13d1bce8f880554fe6c62e1867db","name":"Lorenzo Picicco","image":{"@type":"ImageObject","inLanguage":"es","@id":"https:\/\/secure.gravatar.com\/avatar\/cbc645b331ab63f222fe5729d0555cbc14df95e45fc4362d013a81f62e19a05c?s=96&d=mm&r=g","url":"https:\/\/secure.gravatar.com\/avatar\/cbc645b331ab63f222fe5729d0555cbc14df95e45fc4362d013a81f62e19a05c?s=96&d=mm&r=g","contentUrl":"https:\/\/secure.gravatar.com\/avatar\/cbc645b331ab63f222fe5729d0555cbc14df95e45fc4362d013a81f62e19a05c?s=96&d=mm&r=g","caption":"Lorenzo Picicco"},"url":"https:\/\/www.paolochiesifoundation.org\/es\/author\/lpicicco\/"}]}},"_links":{"self":[{"href":"https:\/\/www.paolochiesifoundation.org\/es\/wp-json\/wp\/v2\/posts\/15874","targetHints":{"allow":["GET"]}}],"collection":[{"href":"https:\/\/www.paolochiesifoundation.org\/es\/wp-json\/wp\/v2\/posts"}],"about":[{"href":"https:\/\/www.paolochiesifoundation.org\/es\/wp-json\/wp\/v2\/types\/post"}],"author":[{"embeddable":true,"href":"https:\/\/www.paolochiesifoundation.org\/es\/wp-json\/wp\/v2\/users\/9"}],"replies":[{"embeddable":true,"href":"https:\/\/www.paolochiesifoundation.org\/es\/wp-json\/wp\/v2\/comments?post=15874"}],"version-history":[{"count":3,"href":"https:\/\/www.paolochiesifoundation.org\/es\/wp-json\/wp\/v2\/posts\/15874\/revisions"}],"predecessor-version":[{"id":15877,"href":"https:\/\/www.paolochiesifoundation.org\/es\/wp-json\/wp\/v2\/posts\/15874\/revisions\/15877"}],"wp:featuredmedia":[{"embeddable":true,"href":"https:\/\/www.paolochiesifoundation.org\/es\/wp-json\/wp\/v2\/media\/15852"}],"wp:attachment":[{"href":"https:\/\/www.paolochiesifoundation.org\/es\/wp-json\/wp\/v2\/media?parent=15874"}],"wp:term":[{"taxonomy":"category","embeddable":true,"href":"https:\/\/www.paolochiesifoundation.org\/es\/wp-json\/wp\/v2\/categories?post=15874"},{"taxonomy":"post_tag","embeddable":true,"href":"https:\/\/www.paolochiesifoundation.org\/es\/wp-json\/wp\/v2\/tags?post=15874"}],"curies":[{"name":"wp","href":"https:\/\/api.w.org\/{rel}","templated":true}]}}